{"id":65239,"date":"2024-03-26T01:24:06","date_gmt":"2024-03-26T05:24:06","guid":{"rendered":"https:\/\/eldiarioantillano.com\/?p=65239"},"modified":"2024-03-26T01:24:06","modified_gmt":"2024-03-26T05:24:06","slug":"museos-estatales-de-santo-domingo-permaneceran-abiertos-en-semana-santa-para-el-disfrute-familiar","status":"publish","type":"post","link":"https:\/\/eldiarioantillano.com\/uno\/2024\/03\/26\/museos-estatales-de-santo-domingo-permaneceran-abiertos-en-semana-santa-para-el-disfrute-familiar\/","title":{"rendered":"Museos estatales de Santo Domingo permanecer\u00e1n abiertos en Semana Santa para el disfrute familiar"},"content":{"rendered":"<p dir=\"ltr\">\n<p dir=\"ltr\">\n<p dir=\"ltr\">Santo Domingo.-\u00a0El Ministerio de Cultura y la Direcci\u00f3n General de Museos\u00a0informaron que los\u00a0museos estatales de Santo Domingo\u00a0permanecer\u00e1n abiertos durante la Semana Santa, con el objetivo de poner a disposici\u00f3n de la ciudadan\u00eda\u00a0alternativas educativas y l\u00fadicas\u00a0para disfrutar del tiempo de\u00a0asueto.<\/p>\n<p dir=\"ltr\">Estos espacios podr\u00e1n ser visitados por el p\u00fablico todos los d\u00edas (exceptuando hoy, lunes, y Viernes Santo), en horario habitual de 10:00 de la ma\u00f1ana a 6:00 de la tarde.<\/p>\n<p dir=\"ltr\">En los\u00a0museos de la Plaza de la Cultura Juan Pablo Duarte, como en el Museo de Arte Moderno, los visitantes podr\u00e1n apreciar el patrimonio p\u00fablico de las artes visuales m\u00e1s importante del pa\u00eds, que comprende\u00a0m\u00e1s de un siglo de historia art\u00edstica\u00a0e incluye esculturas, dibujos, obras gr\u00e1ficas, fotograf\u00edas, cer\u00e1micas, videoarte e instalaciones.<\/p>\n<p dir=\"ltr\">Por otro lado, en el\u00a0Museo Nacional de Historia y Geograf\u00eda\u00a0se podr\u00e1 disfrutar de la exposici\u00f3n fotogr\u00e1fica\u00a0\u00abEl vuelo de las mariposas\u00bb, un homenaje a las Hermanas Mirabal.<\/p>\n<p dir=\"ltr\">Adem\u00e1s, en este espacio se presenta la muestra itinerante\u00a0\u201cLa esclavitud y el legado cultural de \u00c1frica en el Caribe\u201d,\u00a0un recorrido por las distintas culturas, lenguas y pueblos de \u00c1frica, y los procesos de esclavitud y abolici\u00f3n de la misma en Am\u00e9rica.<\/p>\n<p dir=\"ltr\">Adicionalmente, en este museo se encuentran abiertas al p\u00fablico la Sala de la Patria, la de los Presidentes, la Era de Trujillo, la Guerrilla de Caama\u00f1o y la colecci\u00f3n de piezas museogr\u00e1ficas, as\u00ed como el espacio \u201cEl jard\u00edn de Hostos\u201d.<\/p>\n<p dir=\"ltr\">Por su parte, en el\u00a0Museo Nacional de Historia Natural Profesor Eugenio de Jes\u00fas Marcano,\u00a0el visitante podr\u00e1 disfrutar de una colecci\u00f3n orientada al estudio y la conservaci\u00f3n de la\u00a0biodiversidad\u00a0de La Hispaniola y la regi\u00f3n del Caribe.<\/p>\n<p dir=\"ltr\">A su vez, en el\u00a0Museo del Hombre Dominicano, constituido por diferentes salas de exposici\u00f3n, el p\u00fablico podr\u00e1 apreciar una colecci\u00f3n que posee la mayor cantidad de bienes culturales procedentes de los\u00a0primeros habitantes de la isla.<\/p>\n<p dir=\"ltr\">Otro atractivo espacio para visitar esta Semana Santa es el reformado\u00a0Museo Faro a Col\u00f3n, ubicado en Santo Domingo Este, que ofrece una exposici\u00f3n permanente de diferentes objetos relacionados con el descubrimiento de Am\u00e9rica, procedentes de diferentes pa\u00edses americanos, Europa y Asia.<\/p>\n<p dir=\"ltr\">Museos en la Ciudad Colonial<\/p>\n<p dir=\"ltr\">El Museo Fortaleza de Santo Domingo (Ozama)\u00a0estar\u00e1 abierto al p\u00fablico, de manera gratuita y presentar\u00e1 una\u00a0renovada oferta museogr\u00e1fica\u00a0en horario extendido hasta las 9:00 de la noche, por motivo de su reapertura.<\/p>\n<p dir=\"ltr\">En el referido museo, la ciudadan\u00eda podr\u00e1 disfrutar un espect\u00e1culo de experiencias inmersivas y de realidad virtual, donde se integra un conjunto de recursos audiovisuales y tecnol\u00f3gicos distribuidos en tres escenarios en los que se proyectan importantes\u00a0elementos identitarios de la dominicanidad\u00a0y momentos trascendentales\u00a0de la historia del pa\u00eds.<\/p>\n<p dir=\"ltr\">El espacio fue inaugurado\u00a0el pasado martes\u00a0por el presidente Luis Abinader, y su remozamiento forma parte del\u00a0Proyecto de Revitalizaci\u00f3n y Readecuaci\u00f3n Arquitect\u00f3nica de los Museos, un eje del\u00a0Programa Integral de Desarrollo Tur\u00edstico y Urbano de la Ciudad Colonial de Santo Domingo.<\/p>\n<p dir=\"ltr\">Por otro lado, en el\u00a0Museo de las Atarazanas Reales\u00a0se puede disfrutar de una valiosa colecci\u00f3n del\u00a0patrimonio cultural subacu\u00e1tico nacional, procedente de\u00a0naufragios\u00a0ocurridos entre los siglos XVI y XIX, que se exhibe haciendo uso de modernos recursos tecnol\u00f3gicos acordes a las nuevas tendencias en materia museal.<\/p>\n<p dir=\"ltr\">El Museo de las Casas Reales\u00a0o Palacio de la Real Audiencia de Santo Domingo es otro atractivo hist\u00f3rico que estar\u00e1 abierto durante el periodo de Semana Santa.<\/p>\n<p dir=\"ltr\">En este espacio, el p\u00fablico podr\u00e1 visitar la\u00a0exposici\u00f3n \u201cEn concreto\u201d,\u00a0del destacado artista visual Marcelo Ferder. Se trata de una colecci\u00f3n que consta de 125 piezas de arte urbano, pop, conceptual, reciclado, objetual y digital.<\/p>\n<p dir=\"ltr\">La informaci\u00f3n completa sobre la programaci\u00f3n y los atractivos de los museos se encuentra disponible en el portal web: www.museosrd.gob.do.<\/p>\n","protected":false},"excerpt":{"rendered":"<p>Santo Domingo.-\u00a0El Ministerio de Cultura y la Direcci\u00f3n General de Museos\u00a0informaron que los\u00a0museos estatales de&hellip;<\/p>\n","protected":false},"author":1,"featured_media":62203,"comment_status":"open","ping_status":"open","sticky":false,"template":"","format":"standard","meta":{"footnotes":""},"categories":[63,55],"tags":[],"class_list":["post-65239","post","type-post","status-publish","format-standard","has-post-thumbnail","hentry","category-cultura","category-nacionales"],"_links":{"self":[{"href":"https:\/\/eldiarioantillano.com\/uno\/wp-json\/wp\/v2\/posts\/65239","targetHints":{"allow":["GET"]}}],"collection":[{"href":"https:\/\/eldiarioantillano.com\/uno\/wp-json\/wp\/v2\/posts"}],"about":[{"href":"https:\/\/eldiarioantillano.com\/uno\/wp-json\/wp\/v2\/types\/post"}],"author":[{"embeddable":true,"href":"https:\/\/eldiarioantillano.com\/uno\/wp-json\/wp\/v2\/users\/1"}],"replies":[{"embeddable":true,"href":"https:\/\/eldiarioantillano.com\/uno\/wp-json\/wp\/v2\/comments?post=65239"}],"version-history":[{"count":0,"href":"https:\/\/eldiarioantillano.com\/uno\/wp-json\/wp\/v2\/posts\/65239\/revisions"}],"wp:featuredmedia":[{"embeddable":true,"href":"https:\/\/eldiarioantillano.com\/uno\/wp-json\/wp\/v2\/media\/62203"}],"wp:attachment":[{"href":"https:\/\/eldiarioantillano.com\/uno\/wp-json\/wp\/v2\/media?parent=65239"}],"wp:term":[{"taxonomy":"category","embeddable":true,"href":"https:\/\/eldiarioantillano.com\/uno\/wp-json\/wp\/v2\/categories?post=65239"},{"taxonomy":"post_tag","embeddable":true,"href":"https:\/\/eldiarioantillano.com\/uno\/wp-json\/wp\/v2\/tags?post=65239"}],"curies":[{"name":"wp","href":"https:\/\/api.w.org\/{rel}","templated":true}]}}