{"id":65229,"date":"2024-03-25T02:01:30","date_gmt":"2024-03-25T06:01:30","guid":{"rendered":"https:\/\/eldiarioantillano.com\/?p=65229"},"modified":"2024-03-25T02:01:30","modified_gmt":"2024-03-25T06:01:30","slug":"republica-dominicana-es-el-pais-mas-feliz-del-mundo","status":"publish","type":"post","link":"https:\/\/eldiarioantillano.com\/uno\/2024\/03\/25\/republica-dominicana-es-el-pais-mas-feliz-del-mundo\/","title":{"rendered":"Rep\u00fablica Dominicana es el pa\u00eds m\u00e1s feliz del mundo"},"content":{"rendered":"<p>Resulta contradictorio y parad\u00f3jico, las formas en las que el mundo ve a Rep\u00fablica Dominicana con la que, nosotros, desde dentro, estamos acostumbrados a hacerlo; y con los par\u00e1metros con los que nos presentamos hacia afuera.<\/p>\n<p>Aunque vamos de generaci\u00f3n en generaci\u00f3n, muchos de los de dentro, parecen convivir en forma pl\u00e1cida con el esp\u00edritu del pesimismo y el fantasma del fatalismo, en su propia sangre.<\/p>\n<p>No hay un d\u00eda en el que no escuchemos un \u201cah\u00ed, ah\u00ed\u201d, \u201csobreviviendo\u201d, \u201cvivo por cabeza dura\u201d, \u201caguanta\u00b4\u00edto\u201d, \u201cen la lucha, porque ya el boxeo no deja\u201d, \u201cmal, pero t\u00fa no tienes la culpa\u201d; \u201cestoy como la gente me quer\u00eda ver\u201d, \u201cya me puedes ver\u201d, \u201cvivo y suelto\u201d; otros dicen, \u201cvivo, suelto y en la capital\u201d, y un sin n\u00famero de expresiones pesimistas, como respuesta a un saludo cotidiano del que, naturalmente, cualquier mortal esperar\u00eda una reacci\u00f3n de entusiasmo.<\/p>\n<p>\u201cRep\u00fablica Dominicana, con una combinaci\u00f3n \u00fanica de riqueza cultural, hermosas playas y una vibrante comunidad, es un pa\u00eds caribe\u00f1o que ha logrado mantener altos niveles de bienestar entre su poblaci\u00f3n y fue elegido por esta encuesta como el pa\u00eds m\u00e1s feliz del mundo\u201d.<\/p>\n<p>As\u00ed lo establece el cuarto informe anual del \u201cEstado Mental del Mundo\u201d del Proyecto Global Mind, realizado por Sapien Labs, que realizan desde el a\u00f1o 2020 en 71 pa\u00edses del mundo y que en este 2024 ofrece la siguiente lista de los m\u00e1s felices: Rep\u00fablica Dominicana, Sri Lanka, Tanzania, Panam\u00e1, Malasia, Nigeria, Venezuela, El Salvador, Costa Rica y Uruguay.<\/p>\n<p>Tambi\u00e9n cita los diez pa\u00edses m\u00e1s infelices del mundo: Uzbekist\u00e1n, Reino Unido, Sud\u00e1frica, Brasil, Tayikist\u00e1n, Australia, Egipto, Irlanda, Irak y Yemen.<\/p>\n<p>El resultado de esta encuesta no es una locura. Es la confirmaci\u00f3n de lo que siempre se ha predicado: la riqueza material no es lo que cuenta para establecer \u00edndices de bienestar, satisfacci\u00f3n, placer, gusto, entusiasmo, felicidad. Son otros factores, muchos de los cuales, poseemos los dominicanos a granel y que, a veces, no nos damos cuenta.<\/p>\n<p>El estudio de este grupo revela que Rep\u00fablica Dominicana se encuentra en el primer puesto del top 10 de los pa\u00edses m\u00e1s felices del mundo, donde el MHQ, que es la m\u00e9trica o herramienta para medir la percepci\u00f3n del cociente de la salud mental de uno mismo sobre sus emociones, tiene un promedio de 91 sobre 300, seg\u00fan el informe presentando por Global Mind Project, relacionado con el \u201cEstado mental del mundo\u201d.<\/p>\n<p>&nbsp;<\/p>\n<p>La evaluaci\u00f3n busca encontrar, entonces, el Cociente de Salud Mental (MHQ) de un individuo, que eval\u00faa 47 aspectos de la salud mental, en seis categor\u00edas principales: estado de \u00e1nimo y perspectiva, yo social, impulso y motivaci\u00f3n, conexi\u00f3n mente-cuerpo, cognici\u00f3n, adaptabilidad y resiliencia.<\/p>\n<p>Tambi\u00e9n recopila informaci\u00f3n sobre el estilo de vida de las personas, la din\u00e1mica con familiares y amigos y los traumas personales, a cuyas respuestas se le coloc\u00f3 a las personas en un rango desde pr\u00f3spero hasta angustiado.<\/p>\n<p>En por lo menos dos de las categor\u00edas y en los estilos de vida evaluados, somos grandes e inigualables, lo cual fundamenta el resultado del estudio, y ellas, a su vez, arrastran el impacto que tienen las dem\u00e1s sobre los seres humanos.<\/p>\n<p>Nadie en el mundo puede exhibir m\u00e1s capacidad de adaptabilidad y de resiliencia que los hijos de la patria de Juan Pablo Duarte, Francisco del Rosario S\u00e1nchez, Ram\u00f3n Mat\u00edas Mella, y Gregorio Luper\u00f3n.<\/p>\n<p>Sigamos siendo felices y combinando bienestar individual con el colectivo, porque las circunstancias nos permiten hacer eso en estos tiempos.<\/p>\n<p>Me encanta escuchar al profesor Rafael Santos Bad\u00eda, director general del Instituto Nacional de Formaci\u00f3n T\u00e9cnico Profesional (INFOTEP) cuando dice que el bienestar individual es una aventura personal; pero que el bienestar colectivo, al que apostamos con entusiasmo y pasi\u00f3n, es fruto de pol\u00edticas p\u00fablicas concertadas, efectivas y eficaces.<\/p>\n<p>\u00a1Es un buen ranking! Rep\u00fablica Dominicana encabeza la lista de los diez pa\u00edses m\u00e1s felices del mundo. Sigamos la construcci\u00f3n de una sociedad que marcha al paso del tiempo, en forma justa, equitativa y alegre. \u00a1Sigamos siendo dominicanos felices!<\/p>\n","protected":false},"excerpt":{"rendered":"<p>Resulta contradictorio y parad\u00f3jico, las formas en las que el mundo ve a Rep\u00fablica Dominicana&hellip;<\/p>\n","protected":false},"author":1,"featured_media":63965,"comment_status":"open","ping_status":"open","sticky":false,"template":"","format":"standard","meta":{"footnotes":""},"categories":[55,51,65],"tags":[],"class_list":["post-65229","post","type-post","status-publish","format-standard","has-post-thumbnail","hentry","category-nacionales","category-opinion","category-patricia-arache"],"_links":{"self":[{"href":"https:\/\/eldiarioantillano.com\/uno\/wp-json\/wp\/v2\/posts\/65229","targetHints":{"allow":["GET"]}}],"collection":[{"href":"https:\/\/eldiarioantillano.com\/uno\/wp-json\/wp\/v2\/posts"}],"about":[{"href":"https:\/\/eldiarioantillano.com\/uno\/wp-json\/wp\/v2\/types\/post"}],"author":[{"embeddable":true,"href":"https:\/\/eldiarioantillano.com\/uno\/wp-json\/wp\/v2\/users\/1"}],"replies":[{"embeddable":true,"href":"https:\/\/eldiarioantillano.com\/uno\/wp-json\/wp\/v2\/comments?post=65229"}],"version-history":[{"count":0,"href":"https:\/\/eldiarioantillano.com\/uno\/wp-json\/wp\/v2\/posts\/65229\/revisions"}],"wp:featuredmedia":[{"embeddable":true,"href":"https:\/\/eldiarioantillano.com\/uno\/wp-json\/wp\/v2\/media\/63965"}],"wp:attachment":[{"href":"https:\/\/eldiarioantillano.com\/uno\/wp-json\/wp\/v2\/media?parent=65229"}],"wp:term":[{"taxonomy":"category","embeddable":true,"href":"https:\/\/eldiarioantillano.com\/uno\/wp-json\/wp\/v2\/categories?post=65229"},{"taxonomy":"post_tag","embeddable":true,"href":"https:\/\/eldiarioantillano.com\/uno\/wp-json\/wp\/v2\/tags?post=65229"}],"curies":[{"name":"wp","href":"https:\/\/api.w.org\/{rel}","templated":true}]}}