{"id":65226,"date":"2024-03-25T01:50:20","date_gmt":"2024-03-25T05:50:20","guid":{"rendered":"https:\/\/eldiarioantillano.com\/?p=65226"},"modified":"2024-03-25T01:50:20","modified_gmt":"2024-03-25T05:50:20","slug":"hermanas-mirabal-del-movimiento-clandestino-a-la-40","status":"publish","type":"post","link":"https:\/\/eldiarioantillano.com\/uno\/2024\/03\/25\/hermanas-mirabal-del-movimiento-clandestino-a-la-40\/","title":{"rendered":"Hermanas Mirabal: Del movimiento clandestino a La 40"},"content":{"rendered":"<p>ART\u00cdCULO INVITADO<\/p>\n<p>La historia del\u00a0<strong>Movimiento Clandestino<\/strong>\u00a0arranc\u00f3 con el almuerzo del 6 de enero de 1959 en la casa de Guido D\u00b4Alessandro, donde Minerva, conforme al testimonio de Leandro Guzm\u00e1n, \u201ctoc\u00f3 fuerte en la mesa con el pu\u00f1o cerrado y nos conmin\u00f3\u201d a convencer a los contactos para organizarse y actuar con el prop\u00f3sito de derrocar la tiran\u00eda, siguiendo el ejemplo de Cuba y Venezuela. Sobre su personalidad, el historiador Roberto Cass\u00e1 la describe como una mujer \u201cde gran independencia personal, a tono con su entrega y su inteligencia, sobresal\u00eda entre las mujeres del movimiento y su actuaci\u00f3n fue decisiva en todo el proceso\u201d.<\/p>\n<p>Por su parte,\u00a0<strong>Carlos Bogaert\u00a0<\/strong>retrata la imagen como revolucionaria al indicar que \u201cal no ser una intelectual a secas y estar totalmente dedicada a la revoluci\u00f3n, pudo ocupar posiciones de relieve en muchas actividades, llegando a ser el alma de determinados n\u00facleos, como los existentes en su regi\u00f3n natal\u201d.<\/p>\n<p>Desde esa perspectiva, se entiende el juicio que formulara el historiador\u00a0<strong>Roberto Cass\u00e1\u00a0<\/strong>en su obra Los Or\u00edgenes del Movimiento 14 de Junio, al expresar que \u201cMinerva Mirabal contribuy\u00f3 decisivamente a modelar la postura de los gestores de este grupo (el Movimiento 14 de Junio) hacia contornos radicales, ya que hizo de la Revoluci\u00f3n Cubana la referencia a seguir y transmit\u00eda sus posturas socialistas\u201d. A prop\u00f3sito de su influencia sobre los dem\u00e1s, la francomacorisana y compa\u00f1era en el Movimiento Clandestino Dulce Tejada resalta en el libro \u201cLas hero\u00ednas no callan\u201d, de la periodista Wendy Santana, que Minerva fue quien \u201cle ense\u00f1\u00f3 historia en el colegio, asegur\u00e1ndole que le ser\u00eda \u00fatil para toda la vida\u201d. En su relato, Tejada la distingue como \u201cla l\u00edder de su casa y de muchos dem\u00f3cratas, [que] siempre se mantuvo firme tras un ideal patri\u00f3tico, que era salvar la Patria, y no le interesaba ninguna gloria ni posici\u00f3n pol\u00edtica\u201d.<\/p>\n<p>En el plano ideol\u00f3gico<strong>, Leandro Guzm\u00e1n<\/strong>\u00a0indica que su visi\u00f3n pol\u00edtica se apoyaba de manera muy particular en \u201c\u2018La historia me absolver\u00e1\u2019, la denuncia suprema de la violencia dictatorial en Am\u00e9rica Latina, que hab\u00eda sido el alegato de autodefensa de Fidel Castro frente al tribunal que lo juzgaba por dirigir el asalto al cuartel Moncada el 26 de julio de 1953\u201d. Agrega Leandro que el discurso del l\u00edder cubano \u201cestaba desde tiempos antes en las manos de revolucionarios dominicanos y hab\u00eda empezado a alebrastar conciencias y a apuntalar voluntades. La de Minerva Mirabal, entre otras. Las potencialidades insurreccionales de ese documento y de la ulterior victoria revolucionaria fusionar\u00edan para siempre la historia de Cuba con la nuestra\u201d.<\/p>\n<p>Acorde con sus valores, Minerva siempre mostr\u00f3 \u201csuspicacia\u201d sobre la adhesi\u00f3n de los religiosos en el Movimiento, aunque admiti\u00f3 que algunos como el sacerdote Daniel Cruz Inoa \u201ceran de fiar\u201d. No obstante su anticlericalismo, no ten\u00eda una mentalidad cerrada, lo que se refleja en el encuentro secreto que concert\u00f3 con \u201cel arzobispo Octavio Beras, del cual inform\u00f3 a contadas personas\u201d, seg\u00fan Carlos Bogaert en entrevista concedida a Cass\u00e1. A pesar de su apertura y pragmatismo, su firmeza y pasi\u00f3n a la hora de defender sus principios fue legendaria. Basta mencionar su argumentaci\u00f3n sobre las razones por las cuales el nombre de la naciente organizaci\u00f3n revolucionaria deb\u00eda ser \u201c14 de Junio\u201d, en homenaje y recordaci\u00f3n a los expedicionarios de 1959.<\/p>\n<p>Se retiene de la reuni\u00f3n del 10 de enero de 1960, en Mao, donde qued\u00f3 constituida la directiva de la organizaci\u00f3n, las discusiones sostenidas en el plano program\u00e1tico e ideol\u00f3gico con Ram\u00f3n Antonio Rodr\u00edguez, delegado de La Vega, quien identific\u00f3 de \u201ctendencias comunistas\u201d las palabras y prop\u00f3sitos de Minerva. Esta, con su reconocida agudeza intelectual, tuvo a bien responder con preguntarle \u00bfqu\u00e9 entend\u00eda \u00e9l (Ram\u00f3n Rodr\u00edguez) por comunista? Vale decir que el d\u00eda previo, v\u00e9ase el 9 de enero, Patria Mirabal y Pedrito Gonz\u00e1lez facilitaron su hogar ubicado en San Jos\u00e9 de Conuco, Salcedo, para que, siguiendo la explicaci\u00f3n de Leandro Guzm\u00e1n \u201ctodos los dirigentes a nivel nacional se conocieran e intercambiaran ideas y proporcionaran informaci\u00f3n acerca de sus actividades\u201d.<\/p>\n<p>Tras la redada que organiz\u00f3 el\u00a0<strong>Servicio de Inteligencia Militar -SIM-,<\/strong>\u00a0inici\u00e1ndose el 11 de enero en todo el pa\u00eds para descabezar el Movimiento Clandestino en la b\u00fasqueda de sus principales dirigentes, se sabe que el 20 de enero de 1960 fue arrestada Mar\u00eda Teresa y llevada en compa\u00f1\u00eda de su madre, do\u00f1a Chea Reyes viuda Mirabal, a la fortaleza de Salcedo. Esa noche regresaron a su hogar bajo la informaci\u00f3n de que su arresto hab\u00eda sido \u201cun error\u201d, pero al d\u00eda siguiente, los agentes volvieron a arrestar a la menor de las Mirabal, siendo nuevamente trasladada a la fortaleza de Salcedo, donde fue recibida por el comandante Jos\u00e9 Fern\u00e1ndez (Lolito), quien la trat\u00f3 de manera grosera e indigna, insult\u00e1ndola cobardemente. Ese tr\u00e1gico 21 de enero fue conducida hasta la c\u00e1rcel de \u00abLa 40\u00bb en la Capital.<\/p>\n<p>Igual suerte corri\u00f3 su hermana Minerva Mirabal, al ser arrestada el 22 de enero en su hogar de Monte Cristi, siendo referida ese mismo d\u00eda a \u201cLa 40\u201d, acusada de participar en el complot contra Trujillo por su implicaci\u00f3n en el Movimiento Clandestino. D\u00edas antes, su esposo el Dr. Manuel Aurelio Tav\u00e1rez Justo (Manolo), hab\u00eda sido arrestado por la misma causa. De esta forma, ambas hermanas juntamente con Dulce Tejada, Tomasina Cabral, Fe Ortega, Asela Morel y Miriam Morales, compartir\u00edan vivencias en la c\u00e1rcel, especialmente en \u201cLa 40\u201d considerada por Wendy Santana como la prisi\u00f3n \u201cm\u00e1s irrespetuosa de los derechos humanos\u201d que se haya registrado durante el r\u00e9gimen de Trujillo, tal como veremos en la pr\u00f3xima entrega de esta serie en la que concluimos nuestro abordaje sobre la participaci\u00f3n femenina en las c\u00e1rceles de la dictadura.<\/p>\n<p><strong><em>Dr. Amaurys P\u00e9rez, Soci\u00f3logo e historiador UASD\/PUCMM<\/em><\/strong><\/p>\n<p>Reproducido del hoy.com.do<\/p>\n","protected":false},"excerpt":{"rendered":"<p>ART\u00cdCULO INVITADO La historia del\u00a0Movimiento Clandestino\u00a0arranc\u00f3 con el almuerzo del 6 de enero de 1959&hellip;<\/p>\n","protected":false},"author":1,"featured_media":65228,"comment_status":"open","ping_status":"open","sticky":false,"template":"","format":"standard","meta":{"footnotes":""},"categories":[55,1],"tags":[],"class_list":["post-65226","post","type-post","status-publish","format-standard","has-post-thumbnail","hentry","category-nacionales","category-uncategorized"],"_links":{"self":[{"href":"https:\/\/eldiarioantillano.com\/uno\/wp-json\/wp\/v2\/posts\/65226","targetHints":{"allow":["GET"]}}],"collection":[{"href":"https:\/\/eldiarioantillano.com\/uno\/wp-json\/wp\/v2\/posts"}],"about":[{"href":"https:\/\/eldiarioantillano.com\/uno\/wp-json\/wp\/v2\/types\/post"}],"author":[{"embeddable":true,"href":"https:\/\/eldiarioantillano.com\/uno\/wp-json\/wp\/v2\/users\/1"}],"replies":[{"embeddable":true,"href":"https:\/\/eldiarioantillano.com\/uno\/wp-json\/wp\/v2\/comments?post=65226"}],"version-history":[{"count":0,"href":"https:\/\/eldiarioantillano.com\/uno\/wp-json\/wp\/v2\/posts\/65226\/revisions"}],"wp:featuredmedia":[{"embeddable":true,"href":"https:\/\/eldiarioantillano.com\/uno\/wp-json\/wp\/v2\/media\/65228"}],"wp:attachment":[{"href":"https:\/\/eldiarioantillano.com\/uno\/wp-json\/wp\/v2\/media?parent=65226"}],"wp:term":[{"taxonomy":"category","embeddable":true,"href":"https:\/\/eldiarioantillano.com\/uno\/wp-json\/wp\/v2\/categories?post=65226"},{"taxonomy":"post_tag","embeddable":true,"href":"https:\/\/eldiarioantillano.com\/uno\/wp-json\/wp\/v2\/tags?post=65226"}],"curies":[{"name":"wp","href":"https:\/\/api.w.org\/{rel}","templated":true}]}}