{"id":65219,"date":"2024-03-24T01:09:42","date_gmt":"2024-03-24T05:09:42","guid":{"rendered":"https:\/\/eldiarioantillano.com\/?p=65219"},"modified":"2024-03-24T01:09:42","modified_gmt":"2024-03-24T05:09:42","slug":"celebran-129-aniversario-del-manifiesto-de-montecristi-y-160-del-retorno-de-duarte","status":"publish","type":"post","link":"https:\/\/eldiarioantillano.com\/uno\/2024\/03\/24\/celebran-129-aniversario-del-manifiesto-de-montecristi-y-160-del-retorno-de-duarte\/","title":{"rendered":"Celebran 129 aniversario del Manifiesto de Montecristi y 160 del retorno de Duarte"},"content":{"rendered":"<div dir=\"ltr\"><\/div>\n<div dir=\"ltr\"><\/div>\n<div dir=\"ltr\"><\/div>\n<div dir=\"ltr\">Este lunes 25 de marzo se celebra el 160 aniversario del retorno de Juan Pablo Duarte a la patria, por Montecristi, para unirse a la lucha de la Restauraci\u00f3n de la Rep\u00fablica.<\/div>\n<div dir=\"ltr\">Y tambi\u00e9n se conmemora el 129 aniversario del Manifiesto de Montecristi, firmado por el ap\u00f3stol Jos\u00e9 Mart\u00ed y el general en jefe del ej\u00e9rcito libertador de Cuba, M\u00e1ximo G\u00f3mez.<\/div>\n<div dir=\"ltr\">El director provincial de Cultura de Montecristi, profesor Danilo Gonz\u00e1lez, envi\u00f3 una nota informativa sobre el acto que se realizar\u00e1 en la Casa Museo M\u00e1ximo G\u00f3mez.<\/div>\n<div dir=\"ltr\">Al acto est\u00e1 confirmada la asistencia de una delegaci\u00f3n de la embajada cubana, encabezada por su titular, Angel Arzuaga Reyes. Y tambi\u00e9n asistir\u00e1n otros invitados de Montecristi y otras partes del pa\u00eds, inform\u00f3 Gonz\u00e1lez.<\/div>\n<div dir=\"ltr\"><\/div>\n","protected":false},"excerpt":{"rendered":"<p>Este lunes 25 de marzo se celebra el 160 aniversario del retorno de Juan Pablo&hellip;<\/p>\n","protected":false},"author":1,"featured_media":65102,"comment_status":"open","ping_status":"open","sticky":false,"template":"","format":"standard","meta":{"footnotes":""},"categories":[57,55],"tags":[],"class_list":["post-65219","post","type-post","status-publish","format-standard","has-post-thumbnail","hentry","category-montecristi","category-nacionales"],"_links":{"self":[{"href":"https:\/\/eldiarioantillano.com\/uno\/wp-json\/wp\/v2\/posts\/65219","targetHints":{"allow":["GET"]}}],"collection":[{"href":"https:\/\/eldiarioantillano.com\/uno\/wp-json\/wp\/v2\/posts"}],"about":[{"href":"https:\/\/eldiarioantillano.com\/uno\/wp-json\/wp\/v2\/types\/post"}],"author":[{"embeddable":true,"href":"https:\/\/eldiarioantillano.com\/uno\/wp-json\/wp\/v2\/users\/1"}],"replies":[{"embeddable":true,"href":"https:\/\/eldiarioantillano.com\/uno\/wp-json\/wp\/v2\/comments?post=65219"}],"version-history":[{"count":0,"href":"https:\/\/eldiarioantillano.com\/uno\/wp-json\/wp\/v2\/posts\/65219\/revisions"}],"wp:featuredmedia":[{"embeddable":true,"href":"https:\/\/eldiarioantillano.com\/uno\/wp-json\/wp\/v2\/media\/65102"}],"wp:attachment":[{"href":"https:\/\/eldiarioantillano.com\/uno\/wp-json\/wp\/v2\/media?parent=65219"}],"wp:term":[{"taxonomy":"category","embeddable":true,"href":"https:\/\/eldiarioantillano.com\/uno\/wp-json\/wp\/v2\/categories?post=65219"},{"taxonomy":"post_tag","embeddable":true,"href":"https:\/\/eldiarioantillano.com\/uno\/wp-json\/wp\/v2\/tags?post=65219"}],"curies":[{"name":"wp","href":"https:\/\/api.w.org\/{rel}","templated":true}]}}