{"id":65215,"date":"2024-03-24T01:03:11","date_gmt":"2024-03-24T05:03:11","guid":{"rendered":"https:\/\/eldiarioantillano.com\/?p=65215"},"modified":"2024-03-24T01:03:11","modified_gmt":"2024-03-24T05:03:11","slug":"cuba-resistencia-ante-intentos-de-desestabilizacion","status":"publish","type":"post","link":"https:\/\/eldiarioantillano.com\/uno\/2024\/03\/24\/cuba-resistencia-ante-intentos-de-desestabilizacion\/","title":{"rendered":"Cuba, resistencia ante intentos de desestabilizaci\u00f3n"},"content":{"rendered":"<div dir=\"auto\"><\/div>\n<div dir=\"auto\"><\/div>\n<div dir=\"auto\">Prensa Latina. Cuba enfrent\u00f3 los embates de grupos radicados en Estados Unidos, quienes incentivaron acciones para subvertir el orden interior del pa\u00eds, dada la compleja situaci\u00f3n que experimenta la ciudadan\u00eda a causa del bloqueo impuesto por esa naci\u00f3n norte\u00f1a.<\/div>\n<div dir=\"auto\">El jefe de Estado cubano, Miguel D\u00edaz Canel, reconoci\u00f3 las recientes manifestaciones de inconformidad pac\u00edficas expresadas por cientos de personas ante el d\u00e9ficit en el servicio el\u00e9ctrico nacional y la distribuci\u00f3n de alimentos e hizo un llamado a mantener la confianza en cada uno de los esfuerzos que el gobierno lleva adelante para paliar el impacto de esas coyunturas.<\/div>\n<div dir=\"auto\">El mandatario y otros dirigentes del Partido Comunista de Cuba abogaron por el contacto directo con la poblaci\u00f3n residente en la provincia de Santiago de Cuba, en la zona oriental,\u00a0 y ofrecieron detalles sobre la campa\u00f1a desestabilizadora e intentos de crear el caos en el pa\u00eds desde el exterior a trav\u00e9s de las redes sociales, aprovechando los reclamos en varias localidades por los cortes de energ\u00eda el\u00e9ctrica.<\/div>\n<div dir=\"auto\">Dicho contexto ampliamente azuzado por los enemigos de la Revoluci\u00f3n cubana y magnificado por medios internacionales gener\u00f3 no pocos mensajes de solidaridad emitidos por los cubanos residentes en numerosos pa\u00edses de Am\u00e9rica Latina y el mundo.<\/div>\n<div dir=\"auto\"><\/div>\n<div dir=\"auto\">SOLIDARIDAD INTERNACIONAL<\/div>\n<div dir=\"auto\"><\/div>\n<div dir=\"auto\">En M\u00e9xico, tres centenares de participantes en el XXVIII Encuentro Nacional de Solidaridad con Cuba, exigieron\u00a0 al gobierno de Estados Unidos acabar con el injusto bloqueo a la isla.<\/div>\n<div dir=\"auto\">Se trat\u00f3 del primer punto de las demandas que los delegados de 16 estados federales y la capital mexicana plantearon en la Declaraci\u00f3n de Acapulco, celebrada en momentos en que la guerra econ\u00f3mica se intensifica con el prop\u00f3sito de asfixiar a las familias cubanas.<\/div>\n<div dir=\"auto\">Desde Ecuador, tambi\u00e9n miembros del movimiento de solidaridad con Cuba ratificaron\u00a0 su respaldo a la isla y exigieron el cese de la medida unilateral impuesta por\u00a0 Estados Unidos contra la naci\u00f3n caribe\u00f1a hace m\u00e1s de seis d\u00e9cadas.<\/div>\n<div dir=\"auto\">En esa l\u00ednea, el Consejo Nacional de la Coordinadora Ecuatoriana de Amistad y Solidaridad con Cuba emiti\u00f3 una\u00a0 declaraci\u00f3n final relativa al apoyo a la Revoluci\u00f3n como\u00a0 un compromiso moral, \u00e9tico y revolucionario con las causas justas.<\/div>\n<div dir=\"auto\">Los pa\u00edses miembros de la Alianza Bolivariana para los Pueblos de Nuestra Am\u00e9rica-Tratado de Comercio de los Pueblos (ALBA-TCP) rechazaron\u00a0 los hechos de desestabilizaci\u00f3n contra Cuba y consideraron a la isla un ejemplo de resistencia al considerar los efectos de las plataformas digitales catalogadas de \u00abt\u00f3xicas y una campa\u00f1a difamatoria\u00bb ampliamente orquestada desde Washington.<\/div>\n<div dir=\"auto\">\u00abLa Alianza reitera su apoyo al gobierno de la Rep\u00fablica de Cuba que contin\u00faa trabajando por el bienestar y la seguridad de su pueblo noble y resiliente y rechaza categ\u00f3ricamente la permanente hostilidad, incitaci\u00f3n a la subversi\u00f3n e injerencia de los Estados Unidos contra ese hermano pa\u00eds latinoamericano y caribe\u00f1o\u00bb, refiri\u00f3 en un comunicado oficial.<\/div>\n<div dir=\"auto\">Asimismo la Coordinadora Costarricense de Solidaridad con Cuba expres\u00f3 su respaldo y admiraci\u00f3n al pueblo de la isla que sigue resistiendo al inhumano bloqueo sostenido por varias administraciones de Estados Unidos.<\/div>\n<div dir=\"auto\">Conden\u00f3 que las medidas unilaterales impuestas pretenden continuar aislando a Cuba del resto del mundo,\u00a0 en especial de la interacci\u00f3n comercial para garantizar la obtenci\u00f3n de productos y servicios de primera necesidad.<\/div>\n<div dir=\"auto\">Desde la propia naci\u00f3n norte\u00f1a, representantes de organizaciones solidarias en la ciudad de California reiteraron la continuidad de su lucha contra el bloqueo de su pa\u00eds a Cuba y en la b\u00fasqueda de las relaciones normales que deben existir hoy entre los dos pa\u00edses si esa medida coercitiva cesara.<\/div>\n<div dir=\"auto\">Por su parte, el portavoz del Ministerio de Relaciones Exteriores de China, Lin Jian, afirm\u00f3 que su pa\u00eds apoya firmemente al partido y al Gobierno de Cuba en la mejora de la vida de las personas y seguir\u00e1 proporcionando asistencia para que\u00a0 supere las dificultades actuales.<\/div>\n<div dir=\"auto\">\u00abDeseo se\u00f1alar que el prolongado bloqueo de Estados Unidos contra Cuba infligi\u00f3 severas dificultades al desarrollo nacional de Cuba y a la vida de la poblaci\u00f3n\u00bb, coment\u00f3 el funcionario a medios internacionales.<\/div>\n<div dir=\"auto\">Indic\u00f3 que la naci\u00f3n asi\u00e1tica hace un llamado a Estados Unidos para que levante inmediatamente el bloqueo contra la isla y ponga fin a todos los intentos de intervenci\u00f3n.<\/div>\n<div dir=\"auto\">( Prensa Latina)<\/div>\n<div class=\"yj6qo\"><\/div>\n<div class=\"gmail_quote adL\" dir=\"auto\">\n<blockquote class=\"gmail_quote\">\n<div dir=\"auto\">\n<div dir=\"auto\"><\/div>\n<\/div>\n<\/blockquote>\n<\/div>\n","protected":false},"excerpt":{"rendered":"<p>Prensa Latina. Cuba enfrent\u00f3 los embates de grupos radicados en Estados Unidos, quienes incentivaron acciones&hellip;<\/p>\n","protected":false},"author":1,"featured_media":65217,"comment_status":"open","ping_status":"open","sticky":false,"template":"","format":"standard","meta":{"footnotes":""},"categories":[52],"tags":[],"class_list":["post-65215","post","type-post","status-publish","format-standard","has-post-thumbnail","hentry","category-internacionales"],"_links":{"self":[{"href":"https:\/\/eldiarioantillano.com\/uno\/wp-json\/wp\/v2\/posts\/65215","targetHints":{"allow":["GET"]}}],"collection":[{"href":"https:\/\/eldiarioantillano.com\/uno\/wp-json\/wp\/v2\/posts"}],"about":[{"href":"https:\/\/eldiarioantillano.com\/uno\/wp-json\/wp\/v2\/types\/post"}],"author":[{"embeddable":true,"href":"https:\/\/eldiarioantillano.com\/uno\/wp-json\/wp\/v2\/users\/1"}],"replies":[{"embeddable":true,"href":"https:\/\/eldiarioantillano.com\/uno\/wp-json\/wp\/v2\/comments?post=65215"}],"version-history":[{"count":0,"href":"https:\/\/eldiarioantillano.com\/uno\/wp-json\/wp\/v2\/posts\/65215\/revisions"}],"wp:featuredmedia":[{"embeddable":true,"href":"https:\/\/eldiarioantillano.com\/uno\/wp-json\/wp\/v2\/media\/65217"}],"wp:attachment":[{"href":"https:\/\/eldiarioantillano.com\/uno\/wp-json\/wp\/v2\/media?parent=65215"}],"wp:term":[{"taxonomy":"category","embeddable":true,"href":"https:\/\/eldiarioantillano.com\/uno\/wp-json\/wp\/v2\/categories?post=65215"},{"taxonomy":"post_tag","embeddable":true,"href":"https:\/\/eldiarioantillano.com\/uno\/wp-json\/wp\/v2\/tags?post=65215"}],"curies":[{"name":"wp","href":"https:\/\/api.w.org\/{rel}","templated":true}]}}