{"id":65212,"date":"2024-03-24T00:58:24","date_gmt":"2024-03-24T04:58:24","guid":{"rendered":"https:\/\/eldiarioantillano.com\/?p=65212"},"modified":"2024-03-24T00:58:24","modified_gmt":"2024-03-24T04:58:24","slug":"profesor-juan-nunez-aspira-a-diputado","status":"publish","type":"post","link":"https:\/\/eldiarioantillano.com\/uno\/2024\/03\/24\/profesor-juan-nunez-aspira-a-diputado\/","title":{"rendered":"Profesor Juan N\u00fa\u00f1ez aspira a diputado"},"content":{"rendered":"<div id=\":dn\" class=\"ii gt\">\n<div id=\":dr\" class=\"a3s aiL \">\n<div dir=\"auto\">\n<div dir=\"auto\">El conocido maestro Juan N\u00fa\u00f1ez, dirigente de la Asociaci\u00f3n Dominicana de Profesores, es candidato a legislador por la provincia de Santiago para trabajar por la transformaci\u00f3n de la sociedad dominicana.<\/div>\n<\/div>\n<div class=\"yj6qo\"><\/div>\n<div class=\"adL\"><\/div>\n<\/div>\n<\/div>\n<div id=\":g3\" class=\"hq gt\"><\/div>\n","protected":false},"excerpt":{"rendered":"<p>El conocido maestro Juan N\u00fa\u00f1ez, dirigente de la Asociaci\u00f3n Dominicana de Profesores, es candidato a&hellip;<\/p>\n","protected":false},"author":1,"featured_media":65213,"comment_status":"open","ping_status":"open","sticky":false,"template":"","format":"standard","meta":{"footnotes":""},"categories":[55,1],"tags":[],"class_list":["post-65212","post","type-post","status-publish","format-standard","has-post-thumbnail","hentry","category-nacionales","category-uncategorized"],"_links":{"self":[{"href":"https:\/\/eldiarioantillano.com\/uno\/wp-json\/wp\/v2\/posts\/65212","targetHints":{"allow":["GET"]}}],"collection":[{"href":"https:\/\/eldiarioantillano.com\/uno\/wp-json\/wp\/v2\/posts"}],"about":[{"href":"https:\/\/eldiarioantillano.com\/uno\/wp-json\/wp\/v2\/types\/post"}],"author":[{"embeddable":true,"href":"https:\/\/eldiarioantillano.com\/uno\/wp-json\/wp\/v2\/users\/1"}],"replies":[{"embeddable":true,"href":"https:\/\/eldiarioantillano.com\/uno\/wp-json\/wp\/v2\/comments?post=65212"}],"version-history":[{"count":0,"href":"https:\/\/eldiarioantillano.com\/uno\/wp-json\/wp\/v2\/posts\/65212\/revisions"}],"wp:featuredmedia":[{"embeddable":true,"href":"https:\/\/eldiarioantillano.com\/uno\/wp-json\/wp\/v2\/media\/65213"}],"wp:attachment":[{"href":"https:\/\/eldiarioantillano.com\/uno\/wp-json\/wp\/v2\/media?parent=65212"}],"wp:term":[{"taxonomy":"category","embeddable":true,"href":"https:\/\/eldiarioantillano.com\/uno\/wp-json\/wp\/v2\/categories?post=65212"},{"taxonomy":"post_tag","embeddable":true,"href":"https:\/\/eldiarioantillano.com\/uno\/wp-json\/wp\/v2\/tags?post=65212"}],"curies":[{"name":"wp","href":"https:\/\/api.w.org\/{rel}","templated":true}]}}