{"id":65203,"date":"2023-12-07T00:45:11","date_gmt":"2023-12-07T04:45:11","guid":{"rendered":"https:\/\/eldiarioantillano.com\/?p=65203"},"modified":"2023-12-07T00:45:11","modified_gmt":"2023-12-07T04:45:11","slug":"el-caribe-atento-a-incremento-del-dengue","status":"publish","type":"post","link":"https:\/\/eldiarioantillano.com\/uno\/2023\/12\/07\/el-caribe-atento-a-incremento-del-dengue\/","title":{"rendered":"El Caribe atento a incremento del dengue"},"content":{"rendered":"<p class=\"western\" lang=\"es-DO\"><span style=\"font-family: Verdana, sans-serif;\"><span style=\"font-size: medium;\">La Agencia de Salud P\u00fablica del Caribe (Carpha por sus siglas en ingl\u00e9s) alert\u00f3 en d\u00edas recientes sobre el aumento continuo de casos de dengue en la regi\u00f3n e inst\u00f3 a sus estados miembro a revisar los planes de respuesta ante este padecimiento transmitido por mosquitos.<br \/>\nEn un comunicado emitido desde su sede en Puerto Espa\u00f1a, capital de Trinidad y Tobago, la entidad consider\u00f3 que los riesgos asociados y los efectos domin\u00f3 no deben subestimarse, pues esta y otras arbovirosis representan una amenaza importante para la salud, el turismo y el desarrollo socioecon\u00f3mico.<br \/>\nEl ente, establecido legalmente en 2011 mediante un convenio intergubernamental firmado por los pa\u00edses de la Comunidad del Caribe (Caricom) y cuyo mandato reside en coordinar las acciones en \u00e1mbitos como la vigilancia de enfermedades, subray\u00f3 que la seguridad sanitaria del \u00e1rea contin\u00faa siendo una de sus prioridades.<br \/>\nEn este sentido, cualquier amenaza como el dengue, que ponga en peligro la integridad de nuestros sistemas de respuesta regionales, debe abordarse de manera oportuna y efectiva, y exige que, como comunidad caribe\u00f1a, movilicemos esfuerzos para maximizar la eficiencia, opin\u00f3 la directora ejecutiva de Carpha , Joy St. John.<br \/>\nLa experta alent\u00f3 a los gobiernos integrantes del mecanismo a permanecer atentos y flexibles con sus planes de trabajo nacionales y los recursos disponibles, para asegurar las posibilidades de \u00e9xito ante un escenario signado por la declaraci\u00f3n de brotes del virus en los \u00faltimos seis meses.<\/span><\/span><\/p>\n<p class=\"western\" lang=\"es-DO\"><span style=\"font-family: Verdana, sans-serif;\"><span style=\"font-size: medium;\"><b>BROTE DE DENGUE EN VARIOS PA\u00cdSES<\/b><\/span><\/span><\/p>\n<p class=\"western\" lang=\"es-DO\"><span style=\"font-family: Verdana, sans-serif;\"><span style=\"font-size: medium;\">Una de las naciones con esa situaci\u00f3n, Jamaica, confirm\u00f3 hasta el 30 de noviembre m\u00e1s de mil 300 casos y 12 fallecidos por ese mal.<br \/>\nDe acuerdo con datos del Ministerio de Salud y Bienestar, las 14 parroquias en las que administrativamente se divide la isla contin\u00faan observando un aumento de los pacientes este a\u00f1o en comparaci\u00f3n con 2022, y Kingston, la capital, y Saint Andrew informaron el mayor n\u00famero (1232).<br \/>\nEl 9 de octubre, pocas semanas despu\u00e9s de que Jamaica declarara el brote, tambi\u00e9n lo hizo Barbados, tras el aumento significativo de casos. Hasta finales de septiembre, el pa\u00eds registr\u00f3 518 pacientes, un marcado contraste frente a las 241 personas documentadas en el mismo per\u00edodo de 2022.<br \/>\nEl mes pasado, las autoridades de Islas Turcas y Caicos refirieron la presencia de una situaci\u00f3n epidemiol\u00f3gica similar, marcada por el ascenso de los infectados.<br \/>\nOtras naciones y territorios de Caricom, como Antigua y Barbuda y Bahamas han expresado su preocupaci\u00f3n e implementado medidas ante el incremento de los diagnosticados con la enfermedad, cuyo agente transmisor es el mosquito Aedes aegypti.<br \/>\n<\/span><\/span><br \/>\n<span style=\"font-family: Verdana, sans-serif;\"><span style=\"font-size: medium;\"><b>PREVENCI\u00d3N Y CONTROL SON CLAVE<\/b><\/span><\/span><\/p>\n<p class=\"western\" lang=\"es-DO\"><span style=\"font-family: Verdana, sans-serif;\"><span style=\"font-size: medium;\">A juicio del jefe de Enfermedades Transmitidas por Vectores de Carpha, Horace Cox, ese insecto est\u00e1 presente en todos los territorios del Caribe, por tanto, las poblaciones vulnerables de los peque\u00f1os estados insulares en desarrollo y los estados continentales con regiones costeras bajas deben ser resilientes para abordar la prevenci\u00f3n y el control.<br \/>\n\u201cEn nuestros hogares y comunidades, debemos asegurarnos de que nuestro entorno est\u00e9 limpio y libre de materiales o contenedores que puedan acumular agua (\u2026). A menudo pasamos por alto bases de macetas, jarrones, cubos y neum\u00e1ticos de veh\u00edculos usados. Estos son sitios de reproducci\u00f3n t\u00edpicos y deben revisarse con frecuencia\u201d, se\u00f1al\u00f3 Rajesh Ragoo, oficial t\u00e9cnico superior del mismo departamento.<br \/>\nLa organizaci\u00f3n sanitaria calific\u00f3 de extremadamente importantes las medidas preventivas personales para minimizar las picaduras de mosquitos, entre estas el uso de ropa cubierta y de repelentes, al tiempo que llam\u00f3 a extremar las precauciones en el caso de grupos vulnerables, como ni\u00f1os peque\u00f1os, adultos mayores y embarazadas.<br \/>\nPara contrarrestar el aumento de esos insectos y la posible transmisi\u00f3n de enfermedades, la entidad exhort\u00f3 a realizar mayores esfuerzos en las actividades de vigilancia en las comunidades, y ratific\u00f3 su compromiso de apoyar a los estados miembro en el control de vectores.<br \/>\nSeg\u00fan refiri\u00f3, en el pasado reciente, la estacionalidad de la transmisi\u00f3n del dengue en las Am\u00e9ricas y el Caribe se ha sumado a los niveles r\u00e9cord del n\u00famero total de casos y complicaciones y, si bien 2019 se distingui\u00f3 por ser el a\u00f1o con el mayor n\u00famero de casos, es muy probable que 2023 supere ese m\u00e1ximo hist\u00f3rico.<\/span><\/span><\/p>\n<p class=\"western\" lang=\"es-DO\"><span style=\"font-family: Verdana, sans-serif;\"><span style=\"font-size: medium;\"><br \/>\n\/las (<\/span><\/span><span style=\"font-family: Verdana, sans-serif;\"><span style=\"font-size: medium;\"><b>Prensa Latina<\/b><\/span><\/span><span style=\"font-family: Verdana, sans-serif;\"><span style=\"font-size: medium;\">)<\/span><\/span><\/p>\n","protected":false},"excerpt":{"rendered":"<p>La Agencia de Salud P\u00fablica del Caribe (Carpha por sus siglas en ingl\u00e9s) alert\u00f3 en&hellip;<\/p>\n","protected":false},"author":1,"featured_media":65204,"comment_status":"open","ping_status":"open","sticky":false,"template":"","format":"standard","meta":{"footnotes":""},"categories":[52],"tags":[],"class_list":["post-65203","post","type-post","status-publish","format-standard","has-post-thumbnail","hentry","category-internacionales"],"_links":{"self":[{"href":"https:\/\/eldiarioantillano.com\/uno\/wp-json\/wp\/v2\/posts\/65203","targetHints":{"allow":["GET"]}}],"collection":[{"href":"https:\/\/eldiarioantillano.com\/uno\/wp-json\/wp\/v2\/posts"}],"about":[{"href":"https:\/\/eldiarioantillano.com\/uno\/wp-json\/wp\/v2\/types\/post"}],"author":[{"embeddable":true,"href":"https:\/\/eldiarioantillano.com\/uno\/wp-json\/wp\/v2\/users\/1"}],"replies":[{"embeddable":true,"href":"https:\/\/eldiarioantillano.com\/uno\/wp-json\/wp\/v2\/comments?post=65203"}],"version-history":[{"count":0,"href":"https:\/\/eldiarioantillano.com\/uno\/wp-json\/wp\/v2\/posts\/65203\/revisions"}],"wp:featuredmedia":[{"embeddable":true,"href":"https:\/\/eldiarioantillano.com\/uno\/wp-json\/wp\/v2\/media\/65204"}],"wp:attachment":[{"href":"https:\/\/eldiarioantillano.com\/uno\/wp-json\/wp\/v2\/media?parent=65203"}],"wp:term":[{"taxonomy":"category","embeddable":true,"href":"https:\/\/eldiarioantillano.com\/uno\/wp-json\/wp\/v2\/categories?post=65203"},{"taxonomy":"post_tag","embeddable":true,"href":"https:\/\/eldiarioantillano.com\/uno\/wp-json\/wp\/v2\/tags?post=65203"}],"curies":[{"name":"wp","href":"https:\/\/api.w.org\/{rel}","templated":true}]}}