{"id":65194,"date":"2024-03-23T00:26:32","date_gmt":"2024-03-23T04:26:32","guid":{"rendered":"https:\/\/eldiarioantillano.com\/?p=65194"},"modified":"2024-03-23T00:26:32","modified_gmt":"2024-03-23T04:26:32","slug":"65194","status":"publish","type":"post","link":"https:\/\/eldiarioantillano.com\/uno\/2024\/03\/23\/65194\/","title":{"rendered":"Iv\u00e1n Gat\u00f3n presenta en Espa\u00f1a un c\u00f3mic sobre la isla La Espa\u00f1ola"},"content":{"rendered":"<p>ART\u00cdCULO INVITADO<\/p>\n<p>SANTO DOMINGO.\u2013 El profesor Iv\u00e1n Ernesto Gat\u00f3n present\u00f3 en Espa\u00f1a su c\u00f3mic \u00abLas super maravillas de la Primada de Am\u00e9rica\u00bb, un relato ilustrado de la historia de la isla La Espa\u00f1ola, territorio que comparten actualmente Rep\u00fablica Dominicana y Hait\u00ed.<\/p>\n<p>Gat\u00f3n explic\u00f3 que el c\u00f3mic busca divulgar y dar a conocer los hitos y hechos hist\u00f3ricos que sucedieron en la isla y que cambiaron, en muchos sentidos, el devenir de la Historia global, por lo cual constituye una mirada inicial al proceso de llegada, conquista y colonizaci\u00f3n en Am\u00e9rica y c\u00f3mo se construy\u00f3 el nuevo mundo.<\/p>\n<p>Dijo que la obra permite al lector reconocer a los principales personajes que protagonizaron los inicios de la colonizaci\u00f3n en Am\u00e9rica y la conquista europea en el resto del mundo, a partir del periodo hist\u00f3rico conocido como la Modernidad.<\/p>\n<p>Asimismo, expres\u00f3 que el c\u00f3mic es una forma de poder impactar en ni\u00f1os y j\u00f3venes, que tienen ese formato de publicaci\u00f3n como uno de sus favoritos para la lectura.<\/p>\n<p>\u00abSe narran hechos como los ciclos hegem\u00f3nicos de la geopol\u00edtica o el encuentro del mundo europeo con el americano, que de este modo dio lugar a los procesos de descubrimiento, colonizaci\u00f3n, conquista, propagaci\u00f3n del cristianismo, globalizaci\u00f3n del comercio, mestizaje y el intercambio de productos agr\u00edcolas. Todos ellos son hitos fundamentales para comprender los \u00faltimos 500 a\u00f1os de historia mundial, que tienen como origen La Espa\u00f1ola y, por ende, el territorio de la Rep\u00fablica Dominicana\u00bb, a\u00f1adi\u00f3.<\/p>\n<p>La actividad, realizada en la Sala Sim\u00f3n Bol\u00edvar de Casa de Am\u00e9rica, con el aforo repleto y personas en los pasillos, cont\u00f3 con el respaldo de esa instituci\u00f3n y del embajador dominicano ante el Reino de Espa\u00f1a, se\u00f1or Juan Bol\u00edvar D\u00edaz, junto a la consejera cultural de la Embajada, se\u00f1ora Luis Auffant, y el encargado del INDEX en ese pa\u00eds, Junior Marrero.<\/p>\n<p>La se\u00f1ora Auffant tuvo a su cargo la introducci\u00f3n del tema. Luego, el embajador Juan Bol\u00edvar D\u00edaz ofreci\u00f3 las palabras principales y junto al autor del c\u00f3mic sostuvieron un di\u00e1logo sobre el contenido de la obra, destacando el papel estelar que jug\u00f3 La Espa\u00f1ola en la construcci\u00f3n de Am\u00e9rica y del mundo moderno.<\/p>\n<p>Reproducido de eldia.com.do<\/p>\n","protected":false},"excerpt":{"rendered":"<p>ART\u00cdCULO INVITADO SANTO DOMINGO.\u2013 El profesor Iv\u00e1n Ernesto Gat\u00f3n present\u00f3 en Espa\u00f1a su c\u00f3mic \u00abLas&hellip;<\/p>\n","protected":false},"author":1,"featured_media":65195,"comment_status":"open","ping_status":"open","sticky":false,"template":"","format":"standard","meta":{"footnotes":""},"categories":[55,1],"tags":[],"class_list":["post-65194","post","type-post","status-publish","format-standard","has-post-thumbnail","hentry","category-nacionales","category-uncategorized"],"_links":{"self":[{"href":"https:\/\/eldiarioantillano.com\/uno\/wp-json\/wp\/v2\/posts\/65194","targetHints":{"allow":["GET"]}}],"collection":[{"href":"https:\/\/eldiarioantillano.com\/uno\/wp-json\/wp\/v2\/posts"}],"about":[{"href":"https:\/\/eldiarioantillano.com\/uno\/wp-json\/wp\/v2\/types\/post"}],"author":[{"embeddable":true,"href":"https:\/\/eldiarioantillano.com\/uno\/wp-json\/wp\/v2\/users\/1"}],"replies":[{"embeddable":true,"href":"https:\/\/eldiarioantillano.com\/uno\/wp-json\/wp\/v2\/comments?post=65194"}],"version-history":[{"count":0,"href":"https:\/\/eldiarioantillano.com\/uno\/wp-json\/wp\/v2\/posts\/65194\/revisions"}],"wp:featuredmedia":[{"embeddable":true,"href":"https:\/\/eldiarioantillano.com\/uno\/wp-json\/wp\/v2\/media\/65195"}],"wp:attachment":[{"href":"https:\/\/eldiarioantillano.com\/uno\/wp-json\/wp\/v2\/media?parent=65194"}],"wp:term":[{"taxonomy":"category","embeddable":true,"href":"https:\/\/eldiarioantillano.com\/uno\/wp-json\/wp\/v2\/categories?post=65194"},{"taxonomy":"post_tag","embeddable":true,"href":"https:\/\/eldiarioantillano.com\/uno\/wp-json\/wp\/v2\/tags?post=65194"}],"curies":[{"name":"wp","href":"https:\/\/api.w.org\/{rel}","templated":true}]}}