{"id":65190,"date":"2023-12-07T00:27:05","date_gmt":"2023-12-07T04:27:05","guid":{"rendered":"https:\/\/eldiarioantillano.com\/?p=65190"},"modified":"2023-12-07T00:27:05","modified_gmt":"2023-12-07T04:27:05","slug":"ministra-de-cultura-visita-montecristi","status":"publish","type":"post","link":"https:\/\/eldiarioantillano.com\/uno\/2023\/12\/07\/ministra-de-cultura-visita-montecristi\/","title":{"rendered":"Ministra de Cultura visita Montecristi"},"content":{"rendered":"<p>Milagros Germ\u00e1n estuvo recientemente en la sede de la gobernaci\u00f3n de Montecristi, donde convers\u00f3 con decenas de personas sobre el desarrollo cultural en la provincia.<\/p>\n","protected":false},"excerpt":{"rendered":"<p>Milagros Germ\u00e1n estuvo recientemente en la sede de la gobernaci\u00f3n de Montecristi, donde convers\u00f3 con&hellip;<\/p>\n","protected":false},"author":1,"featured_media":65403,"comment_status":"open","ping_status":"open","sticky":false,"template":"","format":"standard","meta":{"footnotes":""},"categories":[57],"tags":[],"class_list":["post-65190","post","type-post","status-publish","format-standard","has-post-thumbnail","hentry","category-montecristi"],"_links":{"self":[{"href":"https:\/\/eldiarioantillano.com\/uno\/wp-json\/wp\/v2\/posts\/65190","targetHints":{"allow":["GET"]}}],"collection":[{"href":"https:\/\/eldiarioantillano.com\/uno\/wp-json\/wp\/v2\/posts"}],"about":[{"href":"https:\/\/eldiarioantillano.com\/uno\/wp-json\/wp\/v2\/types\/post"}],"author":[{"embeddable":true,"href":"https:\/\/eldiarioantillano.com\/uno\/wp-json\/wp\/v2\/users\/1"}],"replies":[{"embeddable":true,"href":"https:\/\/eldiarioantillano.com\/uno\/wp-json\/wp\/v2\/comments?post=65190"}],"version-history":[{"count":0,"href":"https:\/\/eldiarioantillano.com\/uno\/wp-json\/wp\/v2\/posts\/65190\/revisions"}],"wp:featuredmedia":[{"embeddable":true,"href":"https:\/\/eldiarioantillano.com\/uno\/wp-json\/wp\/v2\/media\/65403"}],"wp:attachment":[{"href":"https:\/\/eldiarioantillano.com\/uno\/wp-json\/wp\/v2\/media?parent=65190"}],"wp:term":[{"taxonomy":"category","embeddable":true,"href":"https:\/\/eldiarioantillano.com\/uno\/wp-json\/wp\/v2\/categories?post=65190"},{"taxonomy":"post_tag","embeddable":true,"href":"https:\/\/eldiarioantillano.com\/uno\/wp-json\/wp\/v2\/tags?post=65190"}],"curies":[{"name":"wp","href":"https:\/\/api.w.org\/{rel}","templated":true}]}}