{"id":65188,"date":"2024-03-23T00:19:45","date_gmt":"2024-03-23T04:19:45","guid":{"rendered":"https:\/\/eldiarioantillano.com\/?p=65188"},"modified":"2024-03-23T00:19:45","modified_gmt":"2024-03-23T04:19:45","slug":"donde-esta-el-clamor-llegara-cuando-sea-demasiado-tarde","status":"publish","type":"post","link":"https:\/\/eldiarioantillano.com\/uno\/2024\/03\/23\/donde-esta-el-clamor-llegara-cuando-sea-demasiado-tarde\/","title":{"rendered":"\u00bfD\u00f3nde est\u00e1 el clamor? \u00bfLlegar\u00e1 cuando sea demasiado tarde?"},"content":{"rendered":"<p>20 de marzo de 2024 (EIRNS)\u2014En la noche del 17 de marzo, el presidente ruso Vladimir Putin advirti\u00f3 que un conflicto militar directo entre Rusia y las tropas de la OTAN lideradas por Estados Unidos en Ucrania significar\u00eda que el planeta estaba a solo un paso de una Tercera Guerra Mundial termonuclear.\u00a0Putin estaba respondiendo a la pregunta de un periodista sobre los comentarios del presidente franc\u00e9s Emmanuel Macron del 26 de febrero de que no se pod\u00eda descartar el despliegue de tropas terrestres de la OTAN en Ucrania.\u00a0Putin, cuya victoria electoral acababa de ser confirmada, fue conciso en cuanto a lo que esto significar\u00eda:<\/p>\n<p>\u201cPara todos est\u00e1 claro que esto estar\u00e1 a un paso de una Tercera Guerra Mundial a gran escala.\u00a0Creo que casi nadie est\u00e1 interesado en esto\u201d.\u00a0Y reafirm\u00f3: \u201cLo he estado diciendo una y otra vez y lo volver\u00e9 a decir.\u00a0Estamos a favor de las conversaciones de paz, pero no s\u00f3lo porque el enemigo se est\u00e9 quedando sin municiones\u201d.<\/p>\n<p>Dos d\u00edas despu\u00e9s, el 19 de marzo, el director del Servicio de Inteligencia Exterior de Rusia, Sergey Naryshkin, inform\u00f3 que\u00a0<u><a id=\"m_-6783562379875337741OWA22863eed-9a5d-4e44-30a2-080cddb174ac\" href=\"https:\/\/tass.com\/politics\/1762083\" target=\"_blank\" rel=\"noopener\" data-saferedirecturl=\"https:\/\/www.google.com\/url?q=https:\/\/tass.com\/politics\/1762083&amp;source=gmail&amp;ust=1711253757628000&amp;usg=AOvVaw17V4wzxlTMwNK0jSAfSvkt\">Francia ya estaba preparando este tipo de despliegues de tropas:<\/a><\/u>\u00a0\u201cSeg\u00fan la informaci\u00f3n que llega al SVR (Servicio de Inteligencia Exterior) ruso, se enviar\u00e1 un contingente a Ucrania ya se est\u00e1 preparando.\u00a0Inicialmente, incluir\u00e1 alrededor de 2.000 tropas\u2026.\u00a0Por lo tanto, se convertir\u00e1 en un objetivo prioritario leg\u00edtimo para los ataques de las fuerzas armadas rusas.\u00a0Esto significa que sufrir\u00e1 la misma suerte que todos los franceses que alguna vez llegaron al mundo ruso con una espada\u201d, subray\u00f3 Narishkin.<\/p>\n<p>Naryshkin se hac\u00eda eco del comentario de Putin en su discurso anual ante la Asamblea Federal el 29 de febrero: \u201cEn \u00faltima instancia, deben comprender que nosotros tambi\u00e9n tenemos armas&#8230; que pueden alcanzar objetivos en su territorio.\u00a0Y deber\u00edan comprender que lo que est\u00e1n haciendo ahora para asustar al mundo entero conlleva el riesgo de un conflicto con armas nucleares, lo que significa la destrucci\u00f3n de la civilizaci\u00f3n.\u00a0\u00bfEntienden esto o qu\u00e9?<\/p>\n<p>La respuesta de Francia, Estados Unidos y la OTAN en su conjunto a los repetidos pedidos de cordura de Rusia ha sido aterradora por las implicaciones estrat\u00e9gicas de su pura locura suicida.\u00a0Las naciones occidentales ahora hablan abiertamente de desplegar tropas de la OTAN en una batalla directa contra Rusia.<\/p>\n<p>El jefe del Estado Mayor del ej\u00e9rcito franc\u00e9s, general Pierre Schill, escribi\u00f3 un art\u00edculo de opini\u00f3n en\u00a0<i>Le Monde<\/i>\u00a0el 19 de marzo diciendo que \u201cEl ej\u00e9rcito franc\u00e9s est\u00e1 listo\u2026.\u00a0El ej\u00e9rcito franc\u00e9s se est\u00e1 preparando para los conflictos m\u00e1s duros\u201d.\u00a0<u><a id=\"m_-6783562379875337741OWAb9ecd3dd-3149-1ef7-d4c7-48d99cef6929\" href=\"https:\/\/sputnikglobe.com\/20240319\/eu-summit-may-discuss-idea-of-possibility-of-sending-troops-to-ukraine---senior-official-1117431013.html\" target=\"_blank\" rel=\"noopener\" data-saferedirecturl=\"https:\/\/www.google.com\/url?q=https:\/\/sputnikglobe.com\/20240319\/eu-summit-may-discuss-idea-of-possibility-of-sending-troops-to-ukraine---senior-official-1117431013.html&amp;source=gmail&amp;ust=1711253757628000&amp;usg=AOvVaw07zZC4Ph2EZ6ndrXw537_F\">Dijo<\/a><\/u>\u00a0que Par\u00eds podr\u00eda reunir una divisi\u00f3n de 20.000 soldados en 30 d\u00edas y un ej\u00e9rcito de 60.000 uni\u00e9ndose a divisiones de otros aliados de la OTAN, recordando que Francia depende para su defensa de su arsenal nuclear.<\/p>\n<p>Esa misma noche, el teniente coronel franc\u00e9s Vincent Arbar\u00e9tier (retirado) dio un informe cartogr\u00e1fico en la televisi\u00f3n francesa \u201cDirect LCI\u201d sobre la propuesta de concentrar tropas francesas a lo largo del r\u00edo Dnieper en Ucrania para unirse a las batallas militares contra Rusia.\u00a0A la pregunta del entrevistador, \u201c\u00bfno se considerar\u00eda eso una provocaci\u00f3n por parte de Rusia?\u201d\u00a0Arbar\u00e9tier fanfarrone\u00f3: \u201cEn absoluto, porque est\u00e1 obligando a Rusia a dialogar, estando en igualdad de condiciones.\u00a0Es decir, tenemos soldados, somos una potencia nuclear\u201d.<\/p>\n<p>Tambi\u00e9n el 19 de marzo, el Secretario de Defensa de Estados Unidos, Lloyd Austin, estuvo en la Base A\u00e9rea de Ramstein en Alemania para una reuni\u00f3n del Grupo de Contacto de Defensa de Ucrania, donde reiter\u00f3 la pol\u00edtica estadounidense de que, si Ucrania pierde contra Rusia, entonces la propia OTAN pronto estar\u00eda en guerra con Rusia. Un d\u00eda antes, los Ministros de Defensa de Alemania y Polonia, Boris Pistorius y W\u0142adys\u0142aw Kosiniak-Kamysz, respectivamente, se hab\u00edan reunido en las afueras de Varsovia donde anunciaron que Alemania y Polonia crear\u00e1n conjuntamente una fuerza de reacci\u00f3n r\u00e1pida en la frontera oriental de la Uni\u00f3n Europea comenzando con 2.500 soldados cada uno.<\/p>\n<p>No piensen ni por un momento que los gobiernos de las naciones de la OTAN no est\u00e1n tan locos: lo est\u00e1n.\u00a0Y as\u00ed de desesperados est\u00e1n debido a su sistema colapsando.\u00a0Hace m\u00e1s de dos a\u00f1os, esos mismos gobiernos dijeron que no se enviar\u00eda ning\u00fan arma a Ucrania, y luego las enviaron.\u00a0M\u00e1s tarde juraron que no enviar\u00edan misiles de alcance intermedio, y entonces lo hicieron.\u00a0Despu\u00e9s de eso, prometieron que no enviar\u00edan tanques Leopard y Abrams, y ahora tambi\u00e9n est\u00e1n all\u00ed.\u00a0Hoy en d\u00eda, est\u00e1n discutiendo activamente el env\u00edo de misiles Taurus de largo alcance a Ucrania, que pueden penetrar profundamente en territorio ruso, y el despliegue de tropas reales de la OTAN en la batalla contra los soldados rusos.\u00a0\u00bfCu\u00e1nto falta para que eso tambi\u00e9n se haga realidad?<\/p>\n<p>Si una vez m\u00e1s esperamos a \u201cver si eso sucede\u201d, probablemente ser\u00e1 demasiado tarde para hacer algo al respecto. \u00a1Ha llegado el momento de una protesta mundial! \u00a1El momento de unificar el movimiento por la paz en todos los pa\u00edses es ahora! \u00a1Ha llegado el momento de tomar conciencia del hecho de que estamos a solo \u201cun paso de una Tercera Guerra Mundial en gran escala\u201d!<\/p>\n<p>La Coalici\u00f3n Internacional por la Paz est\u00e1 en alerta roja moviliz\u00e1ndose, en todas las formas no violentas imaginables, para garantizar que la protesta internacional organizada llegue ahora, antes de que sea demasiado tarde.\u00a0Participe en la pr\u00f3xima reuni\u00f3n semanal n\u00famero 42 del IPC este viernes 22 de marzo al mediod\u00eda EDT y organice a todos sus familiares, amigos y contactos para hacer lo mismo.<\/p>\n","protected":false},"excerpt":{"rendered":"<p>20 de marzo de 2024 (EIRNS)\u2014En la noche del 17 de marzo, el presidente ruso&hellip;<\/p>\n","protected":false},"author":1,"featured_media":65189,"comment_status":"open","ping_status":"open","sticky":false,"template":"","format":"standard","meta":{"footnotes":""},"categories":[52],"tags":[],"class_list":["post-65188","post","type-post","status-publish","format-standard","has-post-thumbnail","hentry","category-internacionales"],"_links":{"self":[{"href":"https:\/\/eldiarioantillano.com\/uno\/wp-json\/wp\/v2\/posts\/65188","targetHints":{"allow":["GET"]}}],"collection":[{"href":"https:\/\/eldiarioantillano.com\/uno\/wp-json\/wp\/v2\/posts"}],"about":[{"href":"https:\/\/eldiarioantillano.com\/uno\/wp-json\/wp\/v2\/types\/post"}],"author":[{"embeddable":true,"href":"https:\/\/eldiarioantillano.com\/uno\/wp-json\/wp\/v2\/users\/1"}],"replies":[{"embeddable":true,"href":"https:\/\/eldiarioantillano.com\/uno\/wp-json\/wp\/v2\/comments?post=65188"}],"version-history":[{"count":0,"href":"https:\/\/eldiarioantillano.com\/uno\/wp-json\/wp\/v2\/posts\/65188\/revisions"}],"wp:featuredmedia":[{"embeddable":true,"href":"https:\/\/eldiarioantillano.com\/uno\/wp-json\/wp\/v2\/media\/65189"}],"wp:attachment":[{"href":"https:\/\/eldiarioantillano.com\/uno\/wp-json\/wp\/v2\/media?parent=65188"}],"wp:term":[{"taxonomy":"category","embeddable":true,"href":"https:\/\/eldiarioantillano.com\/uno\/wp-json\/wp\/v2\/categories?post=65188"},{"taxonomy":"post_tag","embeddable":true,"href":"https:\/\/eldiarioantillano.com\/uno\/wp-json\/wp\/v2\/tags?post=65188"}],"curies":[{"name":"wp","href":"https:\/\/api.w.org\/{rel}","templated":true}]}}