{"id":65180,"date":"2024-03-22T01:23:39","date_gmt":"2024-03-22T05:23:39","guid":{"rendered":"https:\/\/eldiarioantillano.com\/?p=65180"},"modified":"2024-03-22T01:23:39","modified_gmt":"2024-03-22T05:23:39","slug":"con-educacion-avanzamos","status":"publish","type":"post","link":"https:\/\/eldiarioantillano.com\/uno\/2024\/03\/22\/con-educacion-avanzamos\/","title":{"rendered":"Con educaci\u00f3n avanzamos"},"content":{"rendered":"<p>&nbsp;<\/p>\n<p>En la propuesta de gobierno que como candidata a la presidencia de la Rep\u00fablica proponemos al electorado, la educaci\u00f3n constituye un eje de primer orden.<\/p>\n<p>Refiero a la educaci\u00f3n que proporciona conocimientos, enriquece la cultura, fortalece principios \u00e9ticos y desarrolla valores humanos; la que contribuye al crecimiento material y espiritual de las personas y sociedades.<\/p>\n<p>El \u00edndice de desarrollo humano, que debiera ser el par\u00e1metro para evaluar cada a\u00f1o el avance del pa\u00eds, se fundamenta en lo esencial en la educaci\u00f3n, la salud y la econom\u00eda; pero estas dos \u00faltimas tienen una relaci\u00f3n directa con la primera. La educaci\u00f3n influye de manera significativa en la salud por todo lo que aporta en materia de prevenci\u00f3n y porque igual que en la econom\u00eda, forma sus profesionales y t\u00e9cnicos, y contribuye a crear una cultura favorable a ambas.<\/p>\n<p>Soy maestra. Me he formado profesionalmente en Educaci\u00f3n, Desarrollo Humano y Pol\u00edticas p\u00fablicas para el desarrollo social, y es natural que esta condici\u00f3n me permita enfocar desde esa perspectiva las posibilidades de desarrollo del pa\u00eds.<\/p>\n<p>Adem\u00e1s, he sido dirigente de la Asociaci\u00f3n Dominicana de Profesores (ADP) desde los niveles de base hasta su m\u00e1xima direcci\u00f3n nacional; lo que me ha permitido conocer de manera directa el impacto de la inversi\u00f3n p\u00fablica en educaci\u00f3n sobre el mundo laboral y la movilidad social.<\/p>\n<p>Mi propia experiencia de vida como maestra\u00a0 me permite afirmar que la educaci\u00f3n es un veh\u00edculo seguro e id\u00f3neo para la movilidad social. Porque he podido observarlo en el progreso de muchas familias en contextos municipales y regionales.<\/p>\n<p>Cientos de familias conocidas han salido de la pobreza material y espiritual a trav\u00e9s de la educaci\u00f3n que han recibido, que les ha permitido encontrar, y aprovechar mejor, oportunidades en el mundo laboral.<\/p>\n<p>Vista una perspectiva econ\u00f3mica del pa\u00eds, m\u00e1s maestros y maestras, personal de apoyo y administrativo, y mejores salarios cada vez para todos estos, inciden de manera directa en la demanda nacional de bienes y servicios, y esta desde luego,\u00a0 \u00a0presiona a una oferta que a su vez impacta en la necesidad de nuevos empleos, y en conjunto vuelven al Estado con aportes al fisco mediante el pago de impuestos.<\/p>\n<p>A reservas de analizar a fondo el impacto general de la asignaci\u00f3n del 4% del PIB a la educaci\u00f3n y de cu\u00e1nto de estos recursos ha desviado la corrupci\u00f3n, se puede decir que a partir de esta conquista ha aumentado el salario de los maestros y maestras; y m\u00e1s j\u00f3venes con una mejor preparaci\u00f3n del bachillerato decidieron estudiar magisterio; e incluso profesionales de otras \u00e1reas hicieron procesos de habilitaci\u00f3n para entrar a la carrera docente. Aument\u00f3 la matr\u00edcula en la UASD, y universidades privadas abrieron la carrera docente.<\/p>\n<p>Estoy convencida de que con educaci\u00f3n avanzamos. Porque la educaci\u00f3n es fundamental para la formaci\u00f3n de los t\u00e9cnicos y profesionales que servir\u00e1n de sost\u00e9n al desarrollo y diversificaci\u00f3n de la producci\u00f3n y la econom\u00eda. Es vital para investigar c\u00f3mo mejorar y ampliar lo que se produce, y de qu\u00e9 manera se produce.<\/p>\n<p>La educaci\u00f3n es de suma importancia para generalizar valores y garantizar el proceso democr\u00e1tico; la igualdad entre hombres y mujeres; fomentar la inclusi\u00f3n social, la tolerancia entre los seres humanos y la convivencia de estos con la naturaleza y el medioambiente.<\/p>\n<p>El desmonte cultural del machismo, como un estigma dominante y causante de desigualdades, violencia contra las mujeres y de los mismos feminicidios en la sociedad, tiene un soporte fundamental en la educaci\u00f3n desde la temprana edad.<\/p>\n<p>La educaci\u00f3n es la esencia del desarrollo humano y del pa\u00eds.<\/p>\n","protected":false},"excerpt":{"rendered":"<p>&nbsp; En la propuesta de gobierno que como candidata a la presidencia de la Rep\u00fablica&hellip;<\/p>\n","protected":false},"author":1,"featured_media":65181,"comment_status":"open","ping_status":"open","sticky":false,"template":"","format":"standard","meta":{"footnotes":""},"categories":[55,1],"tags":[],"class_list":["post-65180","post","type-post","status-publish","format-standard","has-post-thumbnail","hentry","category-nacionales","category-uncategorized"],"_links":{"self":[{"href":"https:\/\/eldiarioantillano.com\/uno\/wp-json\/wp\/v2\/posts\/65180","targetHints":{"allow":["GET"]}}],"collection":[{"href":"https:\/\/eldiarioantillano.com\/uno\/wp-json\/wp\/v2\/posts"}],"about":[{"href":"https:\/\/eldiarioantillano.com\/uno\/wp-json\/wp\/v2\/types\/post"}],"author":[{"embeddable":true,"href":"https:\/\/eldiarioantillano.com\/uno\/wp-json\/wp\/v2\/users\/1"}],"replies":[{"embeddable":true,"href":"https:\/\/eldiarioantillano.com\/uno\/wp-json\/wp\/v2\/comments?post=65180"}],"version-history":[{"count":0,"href":"https:\/\/eldiarioantillano.com\/uno\/wp-json\/wp\/v2\/posts\/65180\/revisions"}],"wp:featuredmedia":[{"embeddable":true,"href":"https:\/\/eldiarioantillano.com\/uno\/wp-json\/wp\/v2\/media\/65181"}],"wp:attachment":[{"href":"https:\/\/eldiarioantillano.com\/uno\/wp-json\/wp\/v2\/media?parent=65180"}],"wp:term":[{"taxonomy":"category","embeddable":true,"href":"https:\/\/eldiarioantillano.com\/uno\/wp-json\/wp\/v2\/categories?post=65180"},{"taxonomy":"post_tag","embeddable":true,"href":"https:\/\/eldiarioantillano.com\/uno\/wp-json\/wp\/v2\/tags?post=65180"}],"curies":[{"name":"wp","href":"https:\/\/api.w.org\/{rel}","templated":true}]}}