{"id":65177,"date":"2024-03-22T00:57:03","date_gmt":"2024-03-22T04:57:03","guid":{"rendered":"https:\/\/eldiarioantillano.com\/?p=65177"},"modified":"2024-03-22T00:57:03","modified_gmt":"2024-03-22T04:57:03","slug":"eirns-invita-a-la-reunion-42-de-la-coalicion-internacional-por-la-paz-cip","status":"publish","type":"post","link":"https:\/\/eldiarioantillano.com\/uno\/2024\/03\/22\/eirns-invita-a-la-reunion-42-de-la-coalicion-internacional-por-la-paz-cip\/","title":{"rendered":"EIRNS invita a la reuni\u00f3n 42 de la Coalici\u00f3n Internacional por la Paz (CIP)"},"content":{"rendered":"<p>Hola amigo\/a de Humanidad por la Paz:<\/p>\n<p>En la noche del 17 de marzo, el Presidente de Rusia, Vladimir Putin, advirti\u00f3 que un conflicto militar directo entre Rusia y las tropas de la OTAN encabezadas por Estados Unidos en Ucrania significar\u00eda que el planeta estar\u00eda a solo un paso de la Tercera Guerra Mundial termonuclear.\u00a0 Putin respond\u00eda as\u00ed a la pregunta de un periodista sobre los comentarios del 26 de febrero del Presidente de Francia, Emmanuel Macron, de que no se pod\u00eda descartar el despliegue de tropas terrestres de la OTAN en Ucrania. Putin, cuya victoria electoral acababa de confirmarse, fue sucinto en cuanto a lo que esto significar\u00eda:<\/p>\n<p style=\"padding-left: 40px;\">\u00abEst\u00e1 claro para todos que esto va a estar a un paso de una Tercera Guerra Mundial a gran escala. Creo que pr\u00e1cticamente nadie est\u00e1 interesado en ello\u00bb, a\u00f1adi\u00f3 Putin. Dijo tambi\u00e9n,\u00a0\u00abLo he dicho una y otra vez y lo dir\u00e9 de nuevo. Estamos a favor de las conversaciones de paz, pero no s\u00f3lo porque el enemigo se est\u00e9 quedando sin balas\u00bb.<\/p>\n<p>Dos d\u00edas despu\u00e9s, el 19 de marzo, el director del Servicio de Inteligencia Exterior de Rusia, Sergey Naryshkin, inform\u00f3 que Francia ya estaba preparando ese despliegue de tropas:\u00a0\u00abSeg\u00fan la informaci\u00f3n que llega al SVR ruso (Servicio de Inteligencia Exterior), ya se est\u00e1 preparando el env\u00edo de un contingente a Ucrania. Inicialmente, contar\u00e1 con unos 2.000 soldados&#8230; Se convertir\u00e1 as\u00ed en un objetivo leg\u00edtimo y prioritario de los ataques de las fuerzas armadas rusas. Esto significa que sufrir\u00e1 el destino de todos los franceses que han llegado al mundo ruso con una espada\u00bb, subray\u00f3 Naryshkin.<\/p>\n<p>Naryshkin se hac\u00eda eco de que dijo Putin en su discurso anual ante la Asamblea Federal el 29 de febrero:<\/p>\n<p style=\"padding-left: 40px;\">\u00abEn \u00faltima instancia, deben comprender que tambi\u00e9n tenemos armas&#8230; que pueden alcanzar objetivos en su territorio. Y deber\u00edan entender que con lo que est\u00e1n haciendo ahora para asustar al mundo entero, corren el riesgo de que se produzca un conflicto con armas nucleares que signifique la destrucci\u00f3n de la civilizaci\u00f3n. \u00bfEntienden esto o qu\u00e9?\u00bb<\/p>\n<p>Como un todo, la respuesta de Francia, Estados Unidos y la OTAN a los repetidos llamados de Rusia a la cordura ha sido aterradora, por lo que implica desde el punto de vista estrat\u00e9gico su enorme locura suicida. Ahora, las naciones occidentales hablan sin ambajes de desplegar tropas de la OTAN en combate directo contra Rusia.<\/p>\n<p>El jefe del Estado Mayor del Ej\u00e9rcito de Francia, el\u00a0general Pierre Schill,\u00a0escribi\u00f3 un art\u00edculo de opini\u00f3n en Le Monde el 19 de marzo en el que afirmaba que \u00abEl ej\u00e9rcito franc\u00e9s est\u00e1 listo&#8230; El ej\u00e9rcito franc\u00e9s se prepara para los conflictos m\u00e1s duros\u00bb.\u00a0Dijo que Par\u00eds podr\u00eda reunir una divisi\u00f3n de 20.000 soldados en 30 d\u00edas y un ej\u00e9rcito de 60.000 uni\u00e9ndose a divisiones de otros aliados de la OTAN, recordando que Francia conf\u00eda para su defensa en su arsenal nuclear.<\/p>\n<p>Esa misma noche, el teniente coronel (r), franc\u00e9s, Vincent Arbar\u00e9tier, dio un informe cartogr\u00e1fico en la televisi\u00f3n francesa \u00abDirect LCI\u00bb sobre la propuesta de concentrar tropas francesas a lo largo del r\u00edo Dni\u00e9per, en Ucrania, para unirse a las batallas militares contra Rusia. A la pregunta del entrevistador, \u201c\u00bfNo considerar\u00eda Rusia eso como una provocaci\u00f3n?\u201d, Arbar\u00e9tier respondi\u00f3: \u00abEn absoluto, porque es obligar a Rusia a entrar en discusiones, estando en una posici\u00f3n de igualdad. Es decir, tenemos soldados, somos una potencia nuclear\u00bb.<\/p>\n<p>Tambi\u00e9n el 19 de marzo, el Secretario de Defensa de Estados Unidos, Lloyd Austin, asisti\u00f3 en la base a\u00e9rea de Ramstein (Alemania) a una reuni\u00f3n del Grupo de Contacto de Defensa de Ucrania, donde reiter\u00f3 la pol\u00edtica estadounidense de que, si Ucrania perd\u00eda contra Rusia, la propia OTAN pronto estar\u00eda en guerra contra Rusia. Un d\u00eda antes, los ministros de Defensa de Alemania y Polonia, Boris Pistorius y W\u0142adys\u0142aw Kosiniak-Kamysz, respectivamente, se hab\u00edan reunido a las afueras de Varsovia, donde anunciaron que Alemania y Polonia crear\u00e1n conjuntamente una fuerza de reacci\u00f3n r\u00e1pida en la frontera oriental de la Uni\u00f3n Europea, comenzando con 2.500 efectivos de parte de cada uno.<\/p>\n<p>No piensen ni por un momento que los gobiernos de los pa\u00edses de la OTAN no est\u00e1n tan locos: s\u00ed lo est\u00e1n. Y est\u00e1n as\u00ed de desesperados, debido a que su sistema se est\u00e1 desmoronando. Hace m\u00e1s de dos a\u00f1os, esos mismos gobiernos dijeron que no se enviar\u00edan armas a Ucrania, y luego las enviaron. M\u00e1s tarde juraron que no se enviar\u00edan misiles de alcance intermedio&#8230; y luego los enviaron. Despu\u00e9s de eso, prometieron que no iban a enviar tanques Leopard y Abrams, y ahora estos tambi\u00e9n est\u00e1n all\u00ed. Hoy est\u00e1n discutiendo intensamente enviar misiles Taurus de largo alcance a Ucrania, que pueden golpear en lo profundo del territorio ruso, y desplegar tropas efectivas de la OTAN en la batalla contra los soldados rusos. \u00bfCu\u00e1nto falta para que eso tambi\u00e9n se haga realidad?<\/p>\n<p>Si una vez m\u00e1s esperamos a \u00abver si eso ocurre\u00bb, es muy posible que sea demasiado tarde para hacer algo al respecto. \u00a1Este es el momento de levantar la voz en todo el mundo! \u00a1Lleg\u00f3 el momento de unificar al movimiento por la paz en todos los pa\u00edses; hay que hacerlo ya! \u00a1Este es el momento en que tenemos que darnos cuenta de que estamos \u00aba un paso de la Tercera Guerra Mundial\u00bb!<\/p>\n<p>La Coalici\u00f3n Internacional por la Paz (CIP) est\u00e1 en alerta roja\u00a0para movilizarse, de todas las formas no violentas imaginables, a fin de garantizar que el clamor internacional organizado se produzca \u00a1ya!, antes de que sea demasiado tarde.<\/p>\n<p>Participa en la 42\u00aa reuni\u00f3n semanal de la CIP este viernes, 22 de marzo, a las 12:00 del mediod\u00eda (h\/Este de Estados Unidos), y organiza a toda tu familia, amigos y contactos para que hagan lo mismo.<\/p>\n<p>El viernes nos acompa\u00f1ar\u00e1n expertos para debatir y reflexionar sobre c\u00f3mo vamos a revertir la situaci\u00f3n\u00a0actual y encaminarnos a un nuevo paradigma de paz y desarrollo para todos los pa\u00edses del planeta.<\/p>\n<blockquote>\n<blockquote>\n<div id=\"m_4023868607211635656x_m_5640876332435587348m_-4347300101041170747m_-258155711080604841m_1541368616973618766m_-2365347461370302324m_3796311311884537978m_-6007250410514698477dataBlockId-38\">\n<div><b>D\u00eda: Viernes 22 de marzo de 2024<\/b><\/div>\n<\/div>\n<\/blockquote>\n<\/blockquote>\n<blockquote>\n<blockquote>\n<div id=\"m_4023868607211635656x_m_5640876332435587348m_-4347300101041170747m_-258155711080604841m_1541368616973618766m_-2365347461370302324m_3796311311884537978m_-6007250410514698477dataBlockId-38\">\n<div><span style=\"font-family: verdana, sans-serif; font-size: large;\"><b>Hora: 12:00 medio d\u00eda (h\/Este de EU);\u00a0<\/b><\/span><\/div>\n<\/div>\n<\/blockquote>\n<\/blockquote>\n<blockquote>\n<blockquote>\n<div id=\"m_4023868607211635656x_m_5640876332435587348m_-4347300101041170747m_-258155711080604841m_1541368616973618766m_-2365347461370302324m_3796311311884537978m_-6007250410514698477dataBlockId-38\">\n<div><span style=\"font-family: verdana, sans-serif; font-size: large;\"><b>5:00 PM (h\/central europea)<\/b><\/span><\/div>\n<\/div>\n<\/blockquote>\n<\/blockquote>\n<blockquote>\n<blockquote>\n<div id=\"m_4023868607211635656x_m_5640876332435587348m_-4347300101041170747m_-258155711080604841m_1541368616973618766m_-2365347461370302324m_3796311311884537978m_-6007250410514698477dataBlockId-38\">\n<div>\u00a0&#8211;Con interpretaci\u00f3n simult\u00e1nea al espa\u00f1ol&#8211;<\/div>\n<\/div>\n<\/blockquote>\n<\/blockquote>\n<blockquote>\n<blockquote>\n<div id=\"m_4023868607211635656x_m_5640876332435587348m_-4347300101041170747m_-258155711080604841m_1541368616973618766m_-2365347461370302324m_3796311311884537978m_-6007250410514698477dataBlockId-38\">\n<div>\n<div><b>Para unirte a la reuni\u00f3n ve a este enlace:<\/b><\/div>\n<\/div>\n<\/div>\n<\/blockquote>\n<\/blockquote>\n<blockquote>\n<blockquote>\n<div id=\"m_4023868607211635656x_m_5640876332435587348m_-4347300101041170747m_-258155711080604841m_1541368616973618766m_-2365347461370302324m_3796311311884537978m_-6007250410514698477dataBlockId-38\">\n<div>\n<div><a href=\"https:\/\/us02web.zoom.us\/j\/83288789255\" target=\"_blank\" rel=\"noopener\" data-saferedirecturl=\"https:\/\/www.google.com\/url?q=https:\/\/us02web.zoom.us\/j\/83288789255&amp;source=gmail&amp;ust=1711168460526000&amp;usg=AOvVaw1TuCNqoHZ5nCn8uTbnmSpv\">https:\/\/us02web.zoom.us\/j\/<wbr \/>83288789255<\/a><\/div>\n<\/div>\n<\/div>\n<\/blockquote>\n<\/blockquote>\n","protected":false},"excerpt":{"rendered":"<p>Hola amigo\/a de Humanidad por la Paz: En la noche del 17 de marzo, el&hellip;<\/p>\n","protected":false},"author":1,"featured_media":65178,"comment_status":"open","ping_status":"open","sticky":false,"template":"","format":"standard","meta":{"footnotes":""},"categories":[52,1],"tags":[],"class_list":["post-65177","post","type-post","status-publish","format-standard","has-post-thumbnail","hentry","category-internacionales","category-uncategorized"],"_links":{"self":[{"href":"https:\/\/eldiarioantillano.com\/uno\/wp-json\/wp\/v2\/posts\/65177","targetHints":{"allow":["GET"]}}],"collection":[{"href":"https:\/\/eldiarioantillano.com\/uno\/wp-json\/wp\/v2\/posts"}],"about":[{"href":"https:\/\/eldiarioantillano.com\/uno\/wp-json\/wp\/v2\/types\/post"}],"author":[{"embeddable":true,"href":"https:\/\/eldiarioantillano.com\/uno\/wp-json\/wp\/v2\/users\/1"}],"replies":[{"embeddable":true,"href":"https:\/\/eldiarioantillano.com\/uno\/wp-json\/wp\/v2\/comments?post=65177"}],"version-history":[{"count":0,"href":"https:\/\/eldiarioantillano.com\/uno\/wp-json\/wp\/v2\/posts\/65177\/revisions"}],"wp:featuredmedia":[{"embeddable":true,"href":"https:\/\/eldiarioantillano.com\/uno\/wp-json\/wp\/v2\/media\/65178"}],"wp:attachment":[{"href":"https:\/\/eldiarioantillano.com\/uno\/wp-json\/wp\/v2\/media?parent=65177"}],"wp:term":[{"taxonomy":"category","embeddable":true,"href":"https:\/\/eldiarioantillano.com\/uno\/wp-json\/wp\/v2\/categories?post=65177"},{"taxonomy":"post_tag","embeddable":true,"href":"https:\/\/eldiarioantillano.com\/uno\/wp-json\/wp\/v2\/tags?post=65177"}],"curies":[{"name":"wp","href":"https:\/\/api.w.org\/{rel}","templated":true}]}}