{"id":65173,"date":"2024-03-22T00:49:16","date_gmt":"2024-03-22T04:49:16","guid":{"rendered":"https:\/\/eldiarioantillano.com\/?p=65173"},"modified":"2024-03-22T00:49:16","modified_gmt":"2024-03-22T04:49:16","slug":"meteorologia-pronostica-lluvias-y-posibles-crecidas-de-rios-arroyos-y-canadas","status":"publish","type":"post","link":"https:\/\/eldiarioantillano.com\/uno\/2024\/03\/22\/meteorologia-pronostica-lluvias-y-posibles-crecidas-de-rios-arroyos-y-canadas\/","title":{"rendered":"Meteorolog\u00eda pronostica lluvias y posibles crecidas de r\u00edos, arroyos y ca\u00f1adas"},"content":{"rendered":"<p>Informe del tiempo: <strong>Jueves 21\u00a0<\/strong><strong>de marzo de 2024 a las 6:00 p.m. V\u00e1lido hasta el s\u00e1bado 23 de marzo de 2024 a las 6:00 p.m.<\/strong><\/p>\n<p><strong>FUERTES AGUACEROS CON TORMENTAS EL\u00c9CTRICAS Y R\u00c1FAGAS DE VIENTO.\u00a0 SE MODIFICAN LAS ALERTAS<\/strong><\/p>\n<p>Las im\u00e1genes de sat\u00e9lite y de radar meteorol\u00f3gico muestran aumento significativo de la nubosidad acompa\u00f1ada de fuertes aguaceros con tormentas el\u00e9ctricas y r\u00e1fagas de viento, sobre, Hato Mayor, San Pedro de Macor\u00eds, Monte Plata, Santiago, La Vega, Monse\u00f1or Nouel, Santiago Rodr\u00edguez, San Juan, El\u00edas Pi\u00f1a, San Crist\u00f3bal y el Gran Santo Domingo. Los cuales estar\u00e1n presentes para lo que resta de la tarde y primeras horas de la noche. Dicha actividad lluviosa se debe a los efectos de un sistema frontal casi estacionario localizado sobre la porci\u00f3n central del pa\u00eds.<\/p>\n<p>Ma\u00f1ana viernes, el sistema frontal se mantendr\u00e1 incidiendo en las condiciones del tiempo sobre pa\u00eds, provocando aumentos nubosos, desde la madrugada con aguaceros moderados a fuertes en ocasiones, tormentas el\u00e9ctricas y r\u00e1fagas de vientos sobre varias provincias de las regiones norte, noreste, sureste, as\u00ed como, Cordillera Central y la zona fronteriza. Concentradas principalmente sobre: Puerto Plata, Espaillat, Mar\u00eda Trinidad S\u00e1nchez, San Pedro de Macor\u00eds, La Romana, El Gran Santo Domingo, San Crist\u00f3bal, Monse\u00f1or Nouel, San Jos\u00e9 de Ocoa, La Vega, Santiago, S\u00e1nchez Ram\u00edrez y zonas aleda\u00f1as. Esperamos que dichas condiciones lluviosas se extiendan en el transcurso de la tarde y noche.<\/p>\n<p>Debido a las lluvias ocurridas y las pronosticadas para las pr\u00f3ximas 24 a 48 horas, el Centro de Pron\u00f3sticos Nacional de la\u00a0<strong>ONAMET<\/strong>\u00a0modifica el nivel de Alerta Meteorol\u00f3gica, ante posibles crecidas de r\u00edos, arroyos y ca\u00f1adas, inundaciones urbanas, as\u00ed como posibles deslizamientos de tierra hacia las siguientes provincias:<\/p>\n<p>&nbsp;<\/p>\n<table>\n<tbody>\n<tr>\n<td colspan=\"4\" width=\"733\"><strong>NIVELES DE ALERTA METEOROL\u00d3GICA<\/strong><\/td>\n<\/tr>\n<tr>\n<td width=\"274\"><strong>ALERTA<\/strong><\/td>\n<td colspan=\"2\" width=\"276\"><strong>AVISO<\/strong><\/td>\n<td width=\"183\"><strong>DESCONTINUADAS<\/strong><\/td>\n<\/tr>\n<tr>\n<td width=\"274\"><strong>Monse\u00f1or Nouel<\/strong><\/td>\n<td width=\"16\"><strong>\u00a0<\/strong><\/td>\n<td width=\"260\"><strong>El Gran Santo Domingo<\/strong><\/td>\n<td width=\"183\">&nbsp;<\/td>\n<\/tr>\n<tr>\n<td width=\"274\"><strong>Santiago<\/strong><\/td>\n<td width=\"16\"><strong>\u00a0<\/strong><\/td>\n<td width=\"260\">&nbsp;<\/td>\n<td width=\"183\">&nbsp;<\/td>\n<\/tr>\n<tr>\n<td width=\"274\"><strong>La Vega<\/strong><\/td>\n<td width=\"16\"><strong>\u00a0<\/strong><\/td>\n<td width=\"260\">&nbsp;<\/td>\n<td width=\"183\">&nbsp;<\/td>\n<\/tr>\n<tr>\n<td width=\"274\"><strong>TOTAL: 3<\/strong><\/td>\n<td colspan=\"2\" width=\"276\"><strong>TOTAL: 1<\/strong><\/td>\n<td width=\"183\"><strong>TOTAL: 0<\/strong><\/td>\n<\/tr>\n<\/tbody>\n<\/table>\n<p>&nbsp;<\/p>\n<p><strong>Las temperaturas agradables, principalmente en las zonas monta\u00f1osas y valles del interior del pa\u00eds, por la incidencia del viento fresco del noreste.\u00a0 Eventos de neblinas matutinas se estar\u00e1n presentando sobre algunos puntos del interior del pa\u00eds.<\/strong><\/p>\n<p><strong>Distrito Nacional:<\/strong>\u00a0nublados con fuertes aguaceros, tormentas el\u00e9ctricas y r\u00e1fagas de viento hasta primeras horas de la noche.<\/p>\n<p><strong>Santo Domingo Este:\u00a0<\/strong>nublados con fuertes aguaceros, tormentas el\u00e9ctricas y r\u00e1fagas de viento hasta primeras horas de la noche.<\/p>\n<p><strong>Santo Domingo Norte:\u00a0<\/strong>nublados con fuertes aguaceros, tormentas el\u00e9ctricas y r\u00e1fagas de viento hasta primeras horas de la noche.<\/p>\n<p><strong>Santo Domingo Oeste:\u00a0<\/strong>nublados con fuertes aguaceros, tormentas el\u00e9ctricas y r\u00e1fagas de viento hasta primeras horas de la noche.<\/p>\n<p><strong>El Gran Santo Domingo:<\/strong>\u00a0<strong>temperatura m\u00ednima entre\u00a020 \u00b0C y 22\u00b0C\u00a0y la m\u00e1xima entre\u00a029\u202f\u00b0C y 31 \u00b0C.<\/strong><\/p>\n<p><strong>Resumen:<\/strong>\u00a0<strong>contin\u00faan los fuertes aguaceros con tormentas el\u00e9ctricas y r\u00e1fagas de viento por sistema frontal en varias localidades. Se modifica la Alerta meteorol\u00f3gica. Temperaturas agradables a frescas en la noche y madrugada.<\/strong><\/p>\n<p><strong>El s\u00e1bado,<\/strong>\u00a0se pronostica que el sistema frontal se aleje de nuestra \u00e1rea de pron\u00f3sticos. No obstante, el acercamiento de una vaguada asociada a otro sistema frontal, se combinar\u00e1 con el viento c\u00e1lido y h\u00famedo del sureste, para ocasionar en horas de la tarde hasta primeras horas de la noche, nublados con aguaceros, tormentas el\u00e9ctricas y r\u00e1fagas de viento, principalmente centradas en provincias del interior del pa\u00eds, ubicadas en la regi\u00f3n del Cibao, noreste, sureste, Cordillera Central y la zona fronteriza.<\/p>\n<p><strong>Santo Domingo y sus municipios:<\/strong>\u00a0medio nublado en ocasiones con aguaceros, tronadas y r\u00e1fagas de viento. Temperaturas calurosas.<\/p>\n<p><strong>Distrito Nacional:\u00a0<\/strong>medio nublado en ocasiones con aguaceros, tronadas y r\u00e1fagas de viento.<\/p>\n<table width=\"99%\">\n<tbody>\n<tr>\n<td width=\"18%\"><strong>PROVINCIAS<\/strong><\/td>\n<td width=\"58%\"><strong>PRON\u00d3STICO POR LOCALIDADES<\/strong><\/td>\n<td width=\"11%\"><strong>T. M\u00e1x. \u00b0C<\/strong><\/td>\n<td width=\"11%\"><strong>T. Min.\u00b0C<\/strong><\/td>\n<\/tr>\n<tr>\n<td width=\"18%\"><strong>Santiago<\/strong><\/td>\n<td width=\"58%\">Nublados con aguaceros moderados a fuertes, tronadas y r\u00e1fagas de viento.<\/td>\n<td width=\"11%\"><strong>33\/34<\/strong><\/td>\n<td width=\"11%\"><strong>18\/20<\/strong><\/td>\n<\/tr>\n<tr>\n<td width=\"18%\"><strong>Puerto\u00a0Plata<\/strong><\/td>\n<td width=\"58%\">Nublados con aguaceros moderados a fuertes, tronadas y r\u00e1fagas de viento.<\/td>\n<td width=\"11%\"><strong>31\/33<\/strong><\/td>\n<td width=\"11%\"><strong>19\/21<\/strong><\/td>\n<\/tr>\n<tr>\n<td width=\"18%\"><strong>Duarte<\/strong><\/td>\n<td width=\"58%\">Nublados con aguaceros moderados a fuertes, tronadas y r\u00e1fagas de viento.<\/td>\n<td width=\"11%\"><strong>30\/32<\/strong><\/td>\n<td width=\"11%\"><strong>18\/20<\/strong><\/td>\n<\/tr>\n<tr>\n<td width=\"18%\"><strong>Constanza<\/strong><\/td>\n<td width=\"58%\">Nublados con aguaceros moderados a fuertes, tronadas y r\u00e1fagas de viento.<\/td>\n<td width=\"11%\"><strong>23\/26<\/strong><\/td>\n<td width=\"11%\"><strong>10\/14<\/strong><\/td>\n<\/tr>\n<tr>\n<td width=\"18%\"><strong>Peravia<\/strong><\/td>\n<td width=\"58%\">Nublados con aguaceros moderados a fuertes, tronadas y r\u00e1fagas de viento.<\/td>\n<td width=\"11%\"><strong>31\/33<\/strong><\/td>\n<td width=\"11%\"><strong>20\/22<\/strong><\/td>\n<\/tr>\n<tr>\n<td width=\"18%\"><strong>San P. de Macor\u00eds<\/strong><\/td>\n<td width=\"58%\">Nublados con aguaceros moderados a fuertes, tronadas y r\u00e1fagas de viento.<\/td>\n<td width=\"11%\"><strong>31\/33<\/strong><\/td>\n<td width=\"11%\"><strong>20\/22<\/strong><\/td>\n<\/tr>\n<tr>\n<td width=\"18%\"><strong>La Romana<\/strong><\/td>\n<td width=\"58%\">Nublados con aguaceros moderados a fuertes, tronadas y r\u00e1fagas de viento.<\/td>\n<td width=\"11%\"><strong>31\/33<\/strong><\/td>\n<td width=\"11%\"><strong>20\/22<\/strong><\/td>\n<\/tr>\n<tr>\n<td width=\"18%\"><strong>La Vega<\/strong><\/td>\n<td width=\"58%\">Nublados con aguaceros moderados a fuertes, tronadas y r\u00e1fagas de viento.<\/td>\n<td width=\"11%\"><strong>30\/32<\/strong><\/td>\n<td width=\"11%\"><strong>16\/20<\/strong><\/td>\n<\/tr>\n<tr>\n<td width=\"18%\"><strong>Monse\u00f1or Nouel<\/strong><\/td>\n<td width=\"58%\">Nublados con aguaceros moderados a fuertes, tronadas y r\u00e1fagas de viento.<\/td>\n<td width=\"11%\"><strong>30\/32<\/strong><\/td>\n<td width=\"11%\"><strong>18\/20<\/strong><\/td>\n<\/tr>\n<tr>\n<td width=\"18%\"><strong>San Crist\u00f3bal<\/strong><\/td>\n<td width=\"58%\">Nublados con aguaceros moderados a fuertes, tronadas y r\u00e1fagas de viento.<\/td>\n<td width=\"11%\"><strong>31\/33<\/strong><\/td>\n<td width=\"11%\"><strong>20\/22<\/strong><\/td>\n<\/tr>\n<tr>\n<td width=\"18%\"><strong>Saman\u00e1<\/strong><\/td>\n<td width=\"58%\">Nublados con aguaceros moderados a fuertes, tronadas y r\u00e1fagas de viento.<\/td>\n<td width=\"11%\"><strong>30\/32<\/strong><\/td>\n<td width=\"11%\"><strong>20\/22<\/strong><\/td>\n<\/tr>\n<tr>\n<td width=\"18%\"><strong>Montecristi<\/strong><\/td>\n<td width=\"58%\">Nublados con aguaceros moderados a fuertes, tronadas y r\u00e1fagas de viento.<\/td>\n<td width=\"11%\"><strong>32\/34<\/strong><\/td>\n<td width=\"11%\"><strong>21\/23<\/strong><\/td>\n<\/tr>\n<tr>\n<td width=\"18%\"><strong>Azua<\/strong><\/td>\n<td width=\"58%\">Nublados con aguaceros moderados a fuertes, tronadas y r\u00e1fagas de viento.<\/td>\n<td width=\"11%\"><strong>31\/33<\/strong><\/td>\n<td width=\"11%\"><strong>16\/19<\/strong><\/td>\n<\/tr>\n<tr>\n<td width=\"18%\"><strong>San Juan<\/strong><\/td>\n<td width=\"58%\">Nublados con aguaceros moderados a fuertes, tronadas y r\u00e1fagas de viento.<\/td>\n<td width=\"11%\"><strong>32\/34<\/strong><\/td>\n<td width=\"11%\"><strong>19\/21<\/strong><\/td>\n<\/tr>\n<tr>\n<td width=\"18%\"><strong>Barahona<\/strong><\/td>\n<td width=\"58%\">Nublados con aguaceros moderados a fuertes, tronadas y r\u00e1fagas de viento.<\/td>\n<td width=\"11%\"><strong>31\/33<\/strong><\/td>\n<td width=\"11%\"><strong>18\/21<\/strong><\/td>\n<\/tr>\n<tr>\n<td width=\"18%\"><strong>La Altagracia<\/strong><\/td>\n<td width=\"58%\">Incremento nuboso con aguaceros moderados a fuertes, tronadas y r\u00e1fagas de viento.<\/td>\n<td width=\"11%\"><strong>31\/33<\/strong><\/td>\n<td width=\"11%\"><strong>21\/23<\/strong><\/td>\n<\/tr>\n<\/tbody>\n<\/table>\n<p><strong>Meteor\u00f3logos: Carla Morales\/ Caridad Hern\u00e1ndez.<\/strong><\/p>\n","protected":false},"excerpt":{"rendered":"<p>Informe del tiempo: Jueves 21\u00a0de marzo de 2024 a las 6:00 p.m. V\u00e1lido hasta el&hellip;<\/p>\n","protected":false},"author":1,"featured_media":65174,"comment_status":"open","ping_status":"open","sticky":false,"template":"","format":"standard","meta":{"footnotes":""},"categories":[55],"tags":[],"class_list":["post-65173","post","type-post","status-publish","format-standard","has-post-thumbnail","hentry","category-nacionales"],"_links":{"self":[{"href":"https:\/\/eldiarioantillano.com\/uno\/wp-json\/wp\/v2\/posts\/65173","targetHints":{"allow":["GET"]}}],"collection":[{"href":"https:\/\/eldiarioantillano.com\/uno\/wp-json\/wp\/v2\/posts"}],"about":[{"href":"https:\/\/eldiarioantillano.com\/uno\/wp-json\/wp\/v2\/types\/post"}],"author":[{"embeddable":true,"href":"https:\/\/eldiarioantillano.com\/uno\/wp-json\/wp\/v2\/users\/1"}],"replies":[{"embeddable":true,"href":"https:\/\/eldiarioantillano.com\/uno\/wp-json\/wp\/v2\/comments?post=65173"}],"version-history":[{"count":0,"href":"https:\/\/eldiarioantillano.com\/uno\/wp-json\/wp\/v2\/posts\/65173\/revisions"}],"wp:featuredmedia":[{"embeddable":true,"href":"https:\/\/eldiarioantillano.com\/uno\/wp-json\/wp\/v2\/media\/65174"}],"wp:attachment":[{"href":"https:\/\/eldiarioantillano.com\/uno\/wp-json\/wp\/v2\/media?parent=65173"}],"wp:term":[{"taxonomy":"category","embeddable":true,"href":"https:\/\/eldiarioantillano.com\/uno\/wp-json\/wp\/v2\/categories?post=65173"},{"taxonomy":"post_tag","embeddable":true,"href":"https:\/\/eldiarioantillano.com\/uno\/wp-json\/wp\/v2\/tags?post=65173"}],"curies":[{"name":"wp","href":"https:\/\/api.w.org\/{rel}","templated":true}]}}