{"id":65164,"date":"2024-03-21T01:34:15","date_gmt":"2024-03-21T05:34:15","guid":{"rendered":"https:\/\/eldiarioantillano.com\/?p=65164"},"modified":"2024-03-21T01:34:15","modified_gmt":"2024-03-21T05:34:15","slug":"la-crisis-persiste-en-haiti","status":"publish","type":"post","link":"https:\/\/eldiarioantillano.com\/uno\/2024\/03\/21\/la-crisis-persiste-en-haiti\/","title":{"rendered":"La crisis persiste en Hait\u00ed"},"content":{"rendered":"<div><b>Prensa Latina<\/b>. Sin el establecimiento todav\u00eda de un consejo presidencial de transici\u00f3n, Hait\u00ed parece detenido en un tiempo de incertidumbre pol\u00edtica y espirales de violencia que siguen haciendo estragos en una de las naciones m\u00e1s empobrecidas del mundo.<br \/>\nBandas criminales ejercen el control sobre la mayor parte de Puerto Pr\u00edncipe, la capital, una situaci\u00f3n que se tradujo en las \u00faltimas semanas en el asesinato y secuestro de ciudadanos, el saqueo y quema de viviendas y los ataques contra entidades e instalaciones como prisiones, comisar\u00edas, aeropuertos y estaciones el\u00e9ctricas.<br \/>\nLos grupos de delincuentes han osado cometer, incluso, acciones armadas contra las carteras del Interior y Gobierno Local, y quemar la casa del director general de la Polic\u00eda, a lo cual se sum\u00f3 recientemente un asalto al Banco de la Rep\u00fablica que fue frustrado por la seguridad del ente financiero y las fuerzas del orden.<br \/>\nMientras el caos rige en la naci\u00f3n franc\u00f3fona, los actores pol\u00edticos contin\u00faan sin llegar a consensos en torno a los miembros del consejo presidencial de transici\u00f3n, cuyo anuncio hace poco m\u00e1s de una semana supuso para muchos una luz al final del t\u00fanel de cara a una soluci\u00f3n pol\u00edtica y de largo plazo en el pa\u00eds.<br \/>\nTras una reuni\u00f3n convocada en Jamaica por la Comunidad del Caribe (Caricom), con la presencia de actores haitianos y representantes de naciones como M\u00e9xico, Estados Unidos y Brasil, el presidente pro-tempore del bloque, Irfaan Ali, anunci\u00f3 el pasado d\u00eda 11 que tal consejo estar\u00eda conformado por siete miembros y dos observadores.<br \/>\nSeg\u00fan los resultados de la cita, en la que particip\u00f3 tambi\u00e9n la Organizaci\u00f3n de las Naciones Unidas (ONU), los miembros de la estructura ser\u00edan designados por entidades como Colectivo 30 de Enero, Acuerdo de Montana, Acuerdo del 21 de Diciembre y EDE\/RED.<br \/>\nAsimismo, lo har\u00edan las fuerzas pol\u00edticas Fanmi Lavalas y Pitit Desalin y el sector empresarial privado, mientras que Reagrupamiento por una Entente Nacional y Soberana (REN) y la Di\u00e1spora de ese pa\u00eds en el extranjero participar\u00edan como observadores.<br \/>\nEste consejo tendr\u00e1 que nombrar a un nuevo primer ministro para reemplazar a Ariel Henry, quien no asisti\u00f3 a la cita de Kingston y se encuentra hace m\u00e1s de dos semanas en Puerto Rico, el mismo lugar desde el cual se comprometi\u00f3 a dimitir \u2013exigencia de las pandillas y actores locales- una vez se conformara el ente presidencial.<br \/>\nAcerca de la formaci\u00f3n de la estructura de gobierno, la embajadora ante la ONU de Guyana, Carolyn Rodrigues-Birkett, afirm\u00f3 recientemente que las conversaciones entre todas las partes involucradas contin\u00faan. \u201cEstoy segura \u2013dijo-, de que llevar\u00e1 un poco de tiempo, pero todo indica que est\u00e1n avanzando\u201d.<br \/>\nSin embargo, el tiempo parece cr\u00edtico en el prop\u00f3sito de asegurar una soluci\u00f3n eficaz para la sociedad haitiana y, en especial, los residentes en Puerto Pr\u00edncipe.<br \/>\nDe acuerdo con la Agencia de Naciones Unidas para Refugiados (Acnur), casi 17 mil personas abandonaron la capital entre el 8 y el 14 de marzo, m\u00e1s de la mitad de ellos hacia los departamentos del Gran Sur, una regi\u00f3n que ya alberga m\u00e1s de 116 mil personas desplazadas del \u00e1rea metropolitana en los \u00faltimos meses.<br \/>\nLa Acnur advirti\u00f3 que el paso hacia otras demarcaciones representa un riesgo adicional, pues las rutas tambi\u00e9n est\u00e1n controladas por pandillas.<br \/>\nFlorencia Soto, portavoz adjunta del secretario general de la Organizaci\u00f3n de las Naciones Unidas (Ant\u00f3nio Guterres) confirm\u00f3 este mi\u00e9rcoles el arribo a la naci\u00f3n por v\u00eda a\u00e9rea de 800 kilogramos de medicamentos, incluidas bolsas de sangre y suministros m\u00e9dicos, junto con personal humanitario.<br \/>\nSoto asegur\u00f3 que se trata de una conexi\u00f3n por aire desde Rep\u00fablica Dominicana y, a una pregunta de Prensa Latina, la vocera explic\u00f3 que el env\u00edo es el primero a trav\u00e9s de ese mecanismo anunciado dos semanas atr\u00e1s.<br \/>\nEn las \u00faltimas horas, el canciller dominicano, Roberto \u00c1lvarez, neg\u00f3 el establecimiento de un puente a\u00e9reo desde Santo Domingo hacia la vecina naci\u00f3n; sin embargo, de acuerdo con Soto, se trata de un proyecto a menor escala que apenas comenz\u00f3 y resultan suministros cr\u00edticos para la respuesta sanitaria de los organismos de la ONU y las ONG, en medio del caos que afecta a los servicios de salud.<\/div>\n<div>las\/<b>\u00a0Prensa Latina<\/b><\/div>\n","protected":false},"excerpt":{"rendered":"<p>Prensa Latina. Sin el establecimiento todav\u00eda de un consejo presidencial de transici\u00f3n, Hait\u00ed parece detenido&hellip;<\/p>\n","protected":false},"author":1,"featured_media":65004,"comment_status":"open","ping_status":"open","sticky":false,"template":"","format":"standard","meta":{"footnotes":""},"categories":[52,53],"tags":[],"class_list":["post-65164","post","type-post","status-publish","format-standard","has-post-thumbnail","hentry","category-internacionales","category-prensa-latina"],"_links":{"self":[{"href":"https:\/\/eldiarioantillano.com\/uno\/wp-json\/wp\/v2\/posts\/65164","targetHints":{"allow":["GET"]}}],"collection":[{"href":"https:\/\/eldiarioantillano.com\/uno\/wp-json\/wp\/v2\/posts"}],"about":[{"href":"https:\/\/eldiarioantillano.com\/uno\/wp-json\/wp\/v2\/types\/post"}],"author":[{"embeddable":true,"href":"https:\/\/eldiarioantillano.com\/uno\/wp-json\/wp\/v2\/users\/1"}],"replies":[{"embeddable":true,"href":"https:\/\/eldiarioantillano.com\/uno\/wp-json\/wp\/v2\/comments?post=65164"}],"version-history":[{"count":0,"href":"https:\/\/eldiarioantillano.com\/uno\/wp-json\/wp\/v2\/posts\/65164\/revisions"}],"wp:featuredmedia":[{"embeddable":true,"href":"https:\/\/eldiarioantillano.com\/uno\/wp-json\/wp\/v2\/media\/65004"}],"wp:attachment":[{"href":"https:\/\/eldiarioantillano.com\/uno\/wp-json\/wp\/v2\/media?parent=65164"}],"wp:term":[{"taxonomy":"category","embeddable":true,"href":"https:\/\/eldiarioantillano.com\/uno\/wp-json\/wp\/v2\/categories?post=65164"},{"taxonomy":"post_tag","embeddable":true,"href":"https:\/\/eldiarioantillano.com\/uno\/wp-json\/wp\/v2\/tags?post=65164"}],"curies":[{"name":"wp","href":"https:\/\/api.w.org\/{rel}","templated":true}]}}