{"id":65158,"date":"2024-03-21T01:45:11","date_gmt":"2024-03-21T05:45:11","guid":{"rendered":"https:\/\/eldiarioantillano.com\/?p=65158"},"modified":"2024-03-21T01:45:11","modified_gmt":"2024-03-21T05:45:11","slug":"guardaparques-de-medio-ambiente-retiran-trampas-para-aves-en-montecristi","status":"publish","type":"post","link":"https:\/\/eldiarioantillano.com\/uno\/2024\/03\/21\/guardaparques-de-medio-ambiente-retiran-trampas-para-aves-en-montecristi\/","title":{"rendered":"Guardaparques de Medio Ambiente retiran trampas para aves en Montecristi"},"content":{"rendered":"<p>Santo Domingo.- El personal administrativo y los guardaparques del\u00a0Ministerio de Medio Ambiente y Recursos Naturales\u00a0(MMARN) retiraron en la \u00faltima semana\u00a01,038 trampas para aves\u00a0de los estuarios del\u00a0Parque Nacional Manglares de Estero Balsa, en Montecristi.<\/p>\n<p>El fot\u00f3grafo de la naturaleza, Juan Guzm\u00e1n, coordinador regional noroeste del Viceministerio de \u00c1reas Protegidas y Biodiversidad,\u00a0explic\u00f3 que el retiro de trampas forma parte de las\u00a0acciones de vigilancia\u00a0constantes que mantiene el personal del Parque Nacional Manglares de Estero Balsa.<\/p>\n<p>Guzm\u00e1n explic\u00f3 que durante el retiro de estas han sido encontrados atrapados, y luego liberados, ejemplares de diversas especies: incluyendo\u00a0viuda\u00a0(Himantopus mexicanus),\u00a0flamenco\u00a0(Phoenicopterus ruber) y\u00a0cuchareta\u00a0(Platalea ajaja).<\/p>\n<p>Esta vigilancia constante fortalece los esfuerzos de\u00a0bi\u00f3logos y t\u00e9cnicos\u00a0del MMARN y el\u00a0Parque Zool\u00f3gico Nacional Arq. Manuel Valverde Podest\u00e1, quienes han liberado en los Manglares de Estero Balsa una cantidad considerable de\u00a0flamenco rosado del Caribe.<\/p>\n<p><em>\u201cDebemos ponderar el trabajo que viene haciendo nuestros guardaparques en Montecristi y el administrador de Estero Balsa, Roque Taveras, que amanecen entre espinas y mosquitos en estos pantanos para presentarnos los resultados de una vigilancia efectiva que cuenta adem\u00e1s con el apoyo de los cuerpos armados del Estado\u201d,<\/em>\u00a0a\u00f1adi\u00f3 Guzm\u00e1n.<\/p>\n<p>Record\u00f3 que las trampas colocadas por desaprensivos afectan mayormente la abundante poblaci\u00f3n del flamenco del Caribe<em>, \u201ccuyos ejemplares, luego de capturados, son vendidos en el mercado para ser utilizados como atractivos en sitios familiares y tur\u00edsticos, por personas que lo hacen por falta de conciencia o por desconocimiento del da\u00f1o a la especie\u201d.<\/em><\/p>\n<p>Guzm\u00e1n reconoci\u00f3 la colaboraci\u00f3n permanente de vecinos de las comunidades\u00a0Los Conucos, Judea Nueva y El Copey,\u00a0as\u00ed como de la\u00a0Asociaci\u00f3n de Pescadores de Manzanillo, \u201cquienes se han convertido en vigilantes de los espacios y que eran afectados por los llamados \u2018tramperos\u2019 que inquietan la poblaci\u00f3n de aves en la zona\u201d.<\/p>\n","protected":false},"excerpt":{"rendered":"<p>Santo Domingo.- El personal administrativo y los guardaparques del\u00a0Ministerio de Medio Ambiente y Recursos Naturales\u00a0(MMARN)&hellip;<\/p>\n","protected":false},"author":1,"featured_media":65160,"comment_status":"open","ping_status":"open","sticky":false,"template":"","format":"standard","meta":{"footnotes":""},"categories":[57,1],"tags":[],"class_list":["post-65158","post","type-post","status-publish","format-standard","has-post-thumbnail","hentry","category-montecristi","category-uncategorized"],"_links":{"self":[{"href":"https:\/\/eldiarioantillano.com\/uno\/wp-json\/wp\/v2\/posts\/65158","targetHints":{"allow":["GET"]}}],"collection":[{"href":"https:\/\/eldiarioantillano.com\/uno\/wp-json\/wp\/v2\/posts"}],"about":[{"href":"https:\/\/eldiarioantillano.com\/uno\/wp-json\/wp\/v2\/types\/post"}],"author":[{"embeddable":true,"href":"https:\/\/eldiarioantillano.com\/uno\/wp-json\/wp\/v2\/users\/1"}],"replies":[{"embeddable":true,"href":"https:\/\/eldiarioantillano.com\/uno\/wp-json\/wp\/v2\/comments?post=65158"}],"version-history":[{"count":0,"href":"https:\/\/eldiarioantillano.com\/uno\/wp-json\/wp\/v2\/posts\/65158\/revisions"}],"wp:featuredmedia":[{"embeddable":true,"href":"https:\/\/eldiarioantillano.com\/uno\/wp-json\/wp\/v2\/media\/65160"}],"wp:attachment":[{"href":"https:\/\/eldiarioantillano.com\/uno\/wp-json\/wp\/v2\/media?parent=65158"}],"wp:term":[{"taxonomy":"category","embeddable":true,"href":"https:\/\/eldiarioantillano.com\/uno\/wp-json\/wp\/v2\/categories?post=65158"},{"taxonomy":"post_tag","embeddable":true,"href":"https:\/\/eldiarioantillano.com\/uno\/wp-json\/wp\/v2\/tags?post=65158"}],"curies":[{"name":"wp","href":"https:\/\/api.w.org\/{rel}","templated":true}]}}