{"id":65134,"date":"2024-03-19T00:37:00","date_gmt":"2024-03-19T04:37:00","guid":{"rendered":"https:\/\/eldiarioantillano.com\/?p=65134"},"modified":"2024-03-19T00:37:00","modified_gmt":"2024-03-19T04:37:00","slug":"ayuntamiento-de-moca-reconoce-a-integrantes-del-programa-el-desahogo","status":"publish","type":"post","link":"https:\/\/eldiarioantillano.com\/uno\/2024\/03\/19\/ayuntamiento-de-moca-reconoce-a-integrantes-del-programa-el-desahogo\/","title":{"rendered":"Ayuntamiento de Moca reconoce a integrantes del programa El Desahogo"},"content":{"rendered":"<div id=\":ze\" class=\"ii gt\">\n<div id=\":zd\" class=\"a3s aiL \">\n<div dir=\"auto\">\n<p>El alcalde mocano, Guarocuya Cabral, sostiene la proclama de reconocimiento de los mun\u00edcipes a colaboradores del programa El Desahogo, que se transmite por Radio Tropicana de Montecristi. A su lado, el Dr. Rafael Pe\u00f1a Ramos, funcionarios del cabildo y parte de los homenajeados y homenajeadas.<\/p>\n<p>&nbsp;<\/p>\n<div id=\"attachment_65136\" style=\"width: 706px\" class=\"wp-caption aligncenter\"><img fetchpriority=\"high\" decoding=\"async\" aria-describedby=\"caption-attachment-65136\" class=\"wp-image-65136 size-large\" src=\"https:\/\/eldiarioantillano.com\/wp-content\/uploads\/2024\/03\/IMG-20240317-WA0038-1024x1024.jpg\" alt=\"\" width=\"696\" height=\"696\" srcset=\"https:\/\/eldiarioantillano.com\/uno\/wp-content\/uploads\/2024\/03\/IMG-20240317-WA0038-1024x1024.jpg 1024w, https:\/\/eldiarioantillano.com\/uno\/wp-content\/uploads\/2024\/03\/IMG-20240317-WA0038-300x300.jpg 300w, https:\/\/eldiarioantillano.com\/uno\/wp-content\/uploads\/2024\/03\/IMG-20240317-WA0038-150x150.jpg 150w, https:\/\/eldiarioantillano.com\/uno\/wp-content\/uploads\/2024\/03\/IMG-20240317-WA0038-768x768.jpg 768w, https:\/\/eldiarioantillano.com\/uno\/wp-content\/uploads\/2024\/03\/IMG-20240317-WA0038-1536x1536.jpg 1536w, https:\/\/eldiarioantillano.com\/uno\/wp-content\/uploads\/2024\/03\/IMG-20240317-WA0038-1200x1200.jpg 1200w, https:\/\/eldiarioantillano.com\/uno\/wp-content\/uploads\/2024\/03\/IMG-20240317-WA0038-1170x1170.jpg 1170w, https:\/\/eldiarioantillano.com\/uno\/wp-content\/uploads\/2024\/03\/IMG-20240317-WA0038-585x585.jpg 585w, https:\/\/eldiarioantillano.com\/uno\/wp-content\/uploads\/2024\/03\/IMG-20240317-WA0038.jpg 1600w\" sizes=\"(max-width: 696px) 100vw, 696px\" \/><p id=\"caption-attachment-65136\" class=\"wp-caption-text\">Rafael Pe\u00f1a Ramos, Guarocuya Cabral, Arsenio Hern\u00e1ndez y Rafael Acosta en el acto (Fotograf\u00eda: Alexander Abreu).<\/p><\/div>\n<p><img decoding=\"async\" class=\"wp-image-65135 size-large\" style=\"text-align: center; color: #222222; font-size: 15px;\" src=\"https:\/\/eldiarioantillano.com\/wp-content\/uploads\/2024\/03\/IMG-20240317-WA0042-1024x577.jpg\" alt=\"\" width=\"696\" height=\"392\" srcset=\"https:\/\/eldiarioantillano.com\/uno\/wp-content\/uploads\/2024\/03\/IMG-20240317-WA0042-1024x577.jpg 1024w, https:\/\/eldiarioantillano.com\/uno\/wp-content\/uploads\/2024\/03\/IMG-20240317-WA0042-300x169.jpg 300w, https:\/\/eldiarioantillano.com\/uno\/wp-content\/uploads\/2024\/03\/IMG-20240317-WA0042-768x433.jpg 768w, https:\/\/eldiarioantillano.com\/uno\/wp-content\/uploads\/2024\/03\/IMG-20240317-WA0042-1536x866.jpg 1536w, https:\/\/eldiarioantillano.com\/uno\/wp-content\/uploads\/2024\/03\/IMG-20240317-WA0042-1200x675.jpg 1200w, https:\/\/eldiarioantillano.com\/uno\/wp-content\/uploads\/2024\/03\/IMG-20240317-WA0042-1170x660.jpg 1170w, https:\/\/eldiarioantillano.com\/uno\/wp-content\/uploads\/2024\/03\/IMG-20240317-WA0042-585x330.jpg 585w, https:\/\/eldiarioantillano.com\/uno\/wp-content\/uploads\/2024\/03\/IMG-20240317-WA0042.jpg 1600w\" sizes=\"(max-width: 696px) 100vw, 696px\" \/><\/p>\n<p>Felipe Lemoine, director de Radio Tropicana, habla en el acto en Moca (Fotograf\u00eda: Alexander Abreu).<\/p><\/div>\n<div class=\"yj6qo\">\n<div id=\"attachment_65137\" style=\"width: 706px\" class=\"wp-caption aligncenter\"><img decoding=\"async\" aria-describedby=\"caption-attachment-65137\" class=\"wp-image-65137 size-large\" src=\"https:\/\/eldiarioantillano.com\/wp-content\/uploads\/2024\/03\/IMG-20240317-WA0008-768x1024.jpg\" alt=\"\" width=\"696\" height=\"928\" srcset=\"https:\/\/eldiarioantillano.com\/uno\/wp-content\/uploads\/2024\/03\/IMG-20240317-WA0008-768x1024.jpg 768w, https:\/\/eldiarioantillano.com\/uno\/wp-content\/uploads\/2024\/03\/IMG-20240317-WA0008-225x300.jpg 225w, https:\/\/eldiarioantillano.com\/uno\/wp-content\/uploads\/2024\/03\/IMG-20240317-WA0008-1152x1536.jpg 1152w, https:\/\/eldiarioantillano.com\/uno\/wp-content\/uploads\/2024\/03\/IMG-20240317-WA0008-1170x1560.jpg 1170w, https:\/\/eldiarioantillano.com\/uno\/wp-content\/uploads\/2024\/03\/IMG-20240317-WA0008-585x780.jpg 585w, https:\/\/eldiarioantillano.com\/uno\/wp-content\/uploads\/2024\/03\/IMG-20240317-WA0008.jpg 1200w\" sizes=\"(max-width: 696px) 100vw, 696px\" \/><p id=\"caption-attachment-65137\" class=\"wp-caption-text\">Arsenio Hern\u00e1ndez Fortuna habla sobre la obra El Poder Municipal en el acto en Moca (Fotograf\u00eda: Alexander Abreu).<\/p><\/div>\n<\/div>\n<div class=\"adL\"><\/div>\n<\/div>\n<\/div>\n<div id=\":zs\" class=\"hq gt\"><\/div>\n","protected":false},"excerpt":{"rendered":"<p>El alcalde mocano, Guarocuya Cabral, sostiene la proclama de reconocimiento de los mun\u00edcipes a colaboradores&hellip;<\/p>\n","protected":false},"author":1,"featured_media":65138,"comment_status":"open","ping_status":"open","sticky":false,"template":"","format":"standard","meta":{"footnotes":""},"categories":[57,55,1],"tags":[],"class_list":["post-65134","post","type-post","status-publish","format-standard","has-post-thumbnail","hentry","category-montecristi","category-nacionales","category-uncategorized"],"_links":{"self":[{"href":"https:\/\/eldiarioantillano.com\/uno\/wp-json\/wp\/v2\/posts\/65134","targetHints":{"allow":["GET"]}}],"collection":[{"href":"https:\/\/eldiarioantillano.com\/uno\/wp-json\/wp\/v2\/posts"}],"about":[{"href":"https:\/\/eldiarioantillano.com\/uno\/wp-json\/wp\/v2\/types\/post"}],"author":[{"embeddable":true,"href":"https:\/\/eldiarioantillano.com\/uno\/wp-json\/wp\/v2\/users\/1"}],"replies":[{"embeddable":true,"href":"https:\/\/eldiarioantillano.com\/uno\/wp-json\/wp\/v2\/comments?post=65134"}],"version-history":[{"count":0,"href":"https:\/\/eldiarioantillano.com\/uno\/wp-json\/wp\/v2\/posts\/65134\/revisions"}],"wp:featuredmedia":[{"embeddable":true,"href":"https:\/\/eldiarioantillano.com\/uno\/wp-json\/wp\/v2\/media\/65138"}],"wp:attachment":[{"href":"https:\/\/eldiarioantillano.com\/uno\/wp-json\/wp\/v2\/media?parent=65134"}],"wp:term":[{"taxonomy":"category","embeddable":true,"href":"https:\/\/eldiarioantillano.com\/uno\/wp-json\/wp\/v2\/categories?post=65134"},{"taxonomy":"post_tag","embeddable":true,"href":"https:\/\/eldiarioantillano.com\/uno\/wp-json\/wp\/v2\/tags?post=65134"}],"curies":[{"name":"wp","href":"https:\/\/api.w.org\/{rel}","templated":true}]}}