{"id":65132,"date":"2024-03-19T00:30:46","date_gmt":"2024-03-19T04:30:46","guid":{"rendered":"https:\/\/eldiarioantillano.com\/?p=65132"},"modified":"2024-03-19T00:30:46","modified_gmt":"2024-03-19T04:30:46","slug":"inicia-gente-de-lacasa-la-expo-en-el-portal-cultural","status":"publish","type":"post","link":"https:\/\/eldiarioantillano.com\/uno\/2024\/03\/19\/inicia-gente-de-lacasa-la-expo-en-el-portal-cultural\/","title":{"rendered":"Inicia \u00abGente de la casa, la expo\u00bb en El Portal Cultural"},"content":{"rendered":"<p>Artistas de distintas procedencias y especialidades iniciar\u00e1n este martes 19 de marzo, desde las ocho de la noche, la exposici\u00f3n multidisciplinaria \u00abGente de la casa, la expo\u00bb en El Portal Cultural, calle S\u00e1nchez 255 de la Zona Colonial, la cual estar\u00e1 abierta al p\u00fablico hasta el pr\u00f3ximo martes 26.<\/p>\n<p>&nbsp;<\/p>\n","protected":false},"excerpt":{"rendered":"<p>Artistas de distintas procedencias y especialidades iniciar\u00e1n este martes 19 de marzo, desde las ocho&hellip;<\/p>\n","protected":false},"author":1,"featured_media":65119,"comment_status":"open","ping_status":"open","sticky":false,"template":"","format":"standard","meta":{"footnotes":""},"categories":[63,55],"tags":[],"class_list":["post-65132","post","type-post","status-publish","format-standard","has-post-thumbnail","hentry","category-cultura","category-nacionales"],"_links":{"self":[{"href":"https:\/\/eldiarioantillano.com\/uno\/wp-json\/wp\/v2\/posts\/65132","targetHints":{"allow":["GET"]}}],"collection":[{"href":"https:\/\/eldiarioantillano.com\/uno\/wp-json\/wp\/v2\/posts"}],"about":[{"href":"https:\/\/eldiarioantillano.com\/uno\/wp-json\/wp\/v2\/types\/post"}],"author":[{"embeddable":true,"href":"https:\/\/eldiarioantillano.com\/uno\/wp-json\/wp\/v2\/users\/1"}],"replies":[{"embeddable":true,"href":"https:\/\/eldiarioantillano.com\/uno\/wp-json\/wp\/v2\/comments?post=65132"}],"version-history":[{"count":0,"href":"https:\/\/eldiarioantillano.com\/uno\/wp-json\/wp\/v2\/posts\/65132\/revisions"}],"wp:featuredmedia":[{"embeddable":true,"href":"https:\/\/eldiarioantillano.com\/uno\/wp-json\/wp\/v2\/media\/65119"}],"wp:attachment":[{"href":"https:\/\/eldiarioantillano.com\/uno\/wp-json\/wp\/v2\/media?parent=65132"}],"wp:term":[{"taxonomy":"category","embeddable":true,"href":"https:\/\/eldiarioantillano.com\/uno\/wp-json\/wp\/v2\/categories?post=65132"},{"taxonomy":"post_tag","embeddable":true,"href":"https:\/\/eldiarioantillano.com\/uno\/wp-json\/wp\/v2\/tags?post=65132"}],"curies":[{"name":"wp","href":"https:\/\/api.w.org\/{rel}","templated":true}]}}