{"id":65123,"date":"2024-03-19T00:13:34","date_gmt":"2024-03-19T04:13:34","guid":{"rendered":"https:\/\/eldiarioantillano.com\/?p=65123"},"modified":"2024-03-19T00:13:34","modified_gmt":"2024-03-19T04:13:34","slug":"observatorio-registra-alza-de-feminicidios-en-puerto-rico","status":"publish","type":"post","link":"https:\/\/eldiarioantillano.com\/uno\/2024\/03\/19\/observatorio-registra-alza-de-feminicidios-en-puerto-rico\/","title":{"rendered":"Observatorio registra alza de feminicidios en Puerto Rico"},"content":{"rendered":"<p>(<strong>Prensa Latina<\/strong>) El Observatorio de Equidad de G\u00e9nero en Puerto Rico registr\u00f3 un alza en las cifras de feminicidios, considerado uno de los principales flagelos que atentan contra la seguridad de las mujeres en la isla.<\/p>\n<p>Al cierre de 2024, unos 34 hijas e hijos hu\u00e9rfanos presenciaron la muerte violenta de sus madres, lo que ha llevado a organizaciones y entidades del Estado a adoptar medidas concretas con vistas a la eliminaci\u00f3n del sesgo discriminatorio que rodea a este tipo de delito.<\/p>\n<p>El gobernador Pedro Pierluisi extendi\u00f3, mediante la firma de una orden ejecutiva, la Declaraci\u00f3n de Emergencia por Violencia de G\u00e9nero hasta el 31 de diciembre de 2024 con el fin de mantener la asignaci\u00f3n de recursos fiscales, presupuestos p\u00fablicos y servicios esenciales de las agencias y organizaciones no gubernamentales que atienden estos cr\u00edmenes.<\/p>\n<p>Durante los pasados 11 meses, muchas de las v\u00edctimas resultaron asesinadas por sus parejas, exparejas o acosadores en espacios p\u00fablicos como restaurantes, centros de trabajo, y la mayor\u00eda en presencia de sus hijos o familiares.<\/p>\n<p>Los pron\u00f3sticos iniciales apuntaban a 72 feminicidios en la naci\u00f3n durante 2023, una cifra que supone siete casos menos que en 2022, cuando hubo 79, al reducirse ligeramente los asesinatos y muertes sospechosas de f\u00e9minas que est\u00e1n bajo investigaci\u00f3n.<\/p>\n<p>Hoy persiste una diferencia notable entre las cifras de feminicidios que registra la Polic\u00eda y las que reportan organizaciones de base comunitaria, como el propio Observatorio, lo que se\u00f1ala algunos vac\u00edos al momento de recopilar y organizar datos relacionados con las muertes violentas de mujeres en la isla.<\/p>\n<p>Ante la emergencia por violencia de g\u00e9nero, la Asociaci\u00f3n de Periodistas de Puerto Rico (Asppro) estableci\u00f3 una alianza con agrupaciones feministas para crear gu\u00edas dirigidas a fomentar una cobertura justa, no sexista, desde el punto de comunicativo.<\/p>\n<p>En este sentido, la presidenta de la Asppro, Nydia Bauz\u00e1, asegur\u00f3 que el objetivo es evitar la revictimizaci\u00f3n de las mujeres perjudicadas o a los familiares en los casos de asesinatos por violencia de g\u00e9nero.<\/p>\n<p>Junto a representantes de la Colectiva Feminista en Construcci\u00f3n, la Coordinadora Paz para la Mujer, la Organizaci\u00f3n Puertorrique\u00f1a de la Mujer Trabajadora y la publicaci\u00f3n digital feminista Todas, la entidad period\u00edstica present\u00f3 en el Ateneo Puertorrique\u00f1o un detallado manifiesto para uso de periodistas y editores.<\/p>\n<p>Bauz\u00e1 explic\u00f3 que se trata de una compilaci\u00f3n de recomendaciones hechas por diversas organizaciones de defensa de los derechos de la mujer, creada de manera estructurada en un solo documento, que servir\u00e1 de gu\u00eda para los profesionales de la comunicaci\u00f3n, a la hora de cubrir casos de violencia de g\u00e9nero.<\/p>\n<p>\u201cLos periodistas, editores y profesionales de los medios tenemos que evitar ser promotores de la violencia de g\u00e9nero a trav\u00e9s de coberturas insensibles\u201d, dijo la presidenta de la Asppro al puntualizar que \u201cla violencia machista nos sigue robando vidas\u201d.<\/p>\n<p>Consider\u00f3 alarmantes las cifras de feminicidios, pues en lo que va de 2024 ya se han registrado siete en Puerto Rico, dos m\u00e1s que para la misma fecha en 2023, seg\u00fan estad\u00edsticas de la Polic\u00eda.<\/p>\n<p>Cm\/<strong>Prensa Latina<\/strong><\/p>\n","protected":false},"excerpt":{"rendered":"<p>(Prensa Latina) El Observatorio de Equidad de G\u00e9nero en Puerto Rico registr\u00f3 un alza en&hellip;<\/p>\n","protected":false},"author":1,"featured_media":65124,"comment_status":"open","ping_status":"open","sticky":false,"template":"","format":"standard","meta":{"footnotes":""},"categories":[52],"tags":[],"class_list":["post-65123","post","type-post","status-publish","format-standard","has-post-thumbnail","hentry","category-internacionales"],"_links":{"self":[{"href":"https:\/\/eldiarioantillano.com\/uno\/wp-json\/wp\/v2\/posts\/65123","targetHints":{"allow":["GET"]}}],"collection":[{"href":"https:\/\/eldiarioantillano.com\/uno\/wp-json\/wp\/v2\/posts"}],"about":[{"href":"https:\/\/eldiarioantillano.com\/uno\/wp-json\/wp\/v2\/types\/post"}],"author":[{"embeddable":true,"href":"https:\/\/eldiarioantillano.com\/uno\/wp-json\/wp\/v2\/users\/1"}],"replies":[{"embeddable":true,"href":"https:\/\/eldiarioantillano.com\/uno\/wp-json\/wp\/v2\/comments?post=65123"}],"version-history":[{"count":0,"href":"https:\/\/eldiarioantillano.com\/uno\/wp-json\/wp\/v2\/posts\/65123\/revisions"}],"wp:featuredmedia":[{"embeddable":true,"href":"https:\/\/eldiarioantillano.com\/uno\/wp-json\/wp\/v2\/media\/65124"}],"wp:attachment":[{"href":"https:\/\/eldiarioantillano.com\/uno\/wp-json\/wp\/v2\/media?parent=65123"}],"wp:term":[{"taxonomy":"category","embeddable":true,"href":"https:\/\/eldiarioantillano.com\/uno\/wp-json\/wp\/v2\/categories?post=65123"},{"taxonomy":"post_tag","embeddable":true,"href":"https:\/\/eldiarioantillano.com\/uno\/wp-json\/wp\/v2\/tags?post=65123"}],"curies":[{"name":"wp","href":"https:\/\/api.w.org\/{rel}","templated":true}]}}