{"id":65109,"date":"2024-03-18T00:07:59","date_gmt":"2024-03-18T04:07:59","guid":{"rendered":"https:\/\/eldiarioantillano.com\/?p=65109"},"modified":"2024-03-18T00:07:59","modified_gmt":"2024-03-18T04:07:59","slug":"desde-donde-partieron-marti-y-gomez","status":"publish","type":"post","link":"https:\/\/eldiarioantillano.com\/uno\/2024\/03\/18\/desde-donde-partieron-marti-y-gomez\/","title":{"rendered":"Desde donde partieron Mart\u00ed y G\u00f3mez"},"content":{"rendered":"<p>Cubanos y dominicanos se congregan en el monumento a Mart\u00ed, en una playa de Montecristi, desde donde el Ap\u00f3stol sali\u00f3 con M\u00e1ximo G\u00f3mez, el tambi\u00e9n dominicano Marcos del Cabral y dos cubanos a combatir en Cuba tras la firma del Manifiesto de Montecristi el 25\/3\/1895.<\/p>\n","protected":false},"excerpt":{"rendered":"<p>Cubanos y dominicanos se congregan en el monumento a Mart\u00ed, en una playa de Montecristi,&hellip;<\/p>\n","protected":false},"author":1,"featured_media":65110,"comment_status":"open","ping_status":"open","sticky":false,"template":"","format":"standard","meta":{"footnotes":""},"categories":[57],"tags":[],"class_list":["post-65109","post","type-post","status-publish","format-standard","has-post-thumbnail","hentry","category-montecristi"],"_links":{"self":[{"href":"https:\/\/eldiarioantillano.com\/uno\/wp-json\/wp\/v2\/posts\/65109","targetHints":{"allow":["GET"]}}],"collection":[{"href":"https:\/\/eldiarioantillano.com\/uno\/wp-json\/wp\/v2\/posts"}],"about":[{"href":"https:\/\/eldiarioantillano.com\/uno\/wp-json\/wp\/v2\/types\/post"}],"author":[{"embeddable":true,"href":"https:\/\/eldiarioantillano.com\/uno\/wp-json\/wp\/v2\/users\/1"}],"replies":[{"embeddable":true,"href":"https:\/\/eldiarioantillano.com\/uno\/wp-json\/wp\/v2\/comments?post=65109"}],"version-history":[{"count":0,"href":"https:\/\/eldiarioantillano.com\/uno\/wp-json\/wp\/v2\/posts\/65109\/revisions"}],"wp:featuredmedia":[{"embeddable":true,"href":"https:\/\/eldiarioantillano.com\/uno\/wp-json\/wp\/v2\/media\/65110"}],"wp:attachment":[{"href":"https:\/\/eldiarioantillano.com\/uno\/wp-json\/wp\/v2\/media?parent=65109"}],"wp:term":[{"taxonomy":"category","embeddable":true,"href":"https:\/\/eldiarioantillano.com\/uno\/wp-json\/wp\/v2\/categories?post=65109"},{"taxonomy":"post_tag","embeddable":true,"href":"https:\/\/eldiarioantillano.com\/uno\/wp-json\/wp\/v2\/tags?post=65109"}],"curies":[{"name":"wp","href":"https:\/\/api.w.org\/{rel}","templated":true}]}}