{"id":65094,"date":"2024-03-17T00:32:25","date_gmt":"2024-03-17T04:32:25","guid":{"rendered":"https:\/\/eldiarioantillano.com\/?p=65094"},"modified":"2024-03-17T00:32:25","modified_gmt":"2024-03-17T04:32:25","slug":"delegacion-cubana-visita-montecristi","status":"publish","type":"post","link":"https:\/\/eldiarioantillano.com\/uno\/2024\/03\/17\/delegacion-cubana-visita-montecristi\/","title":{"rendered":"Delegaci\u00f3n cubana visita Montecristi"},"content":{"rendered":"<div id=\":f0\" class=\"ii gt\">\n<div id=\":f1\" class=\"a3s aiL \">\n<div dir=\"auto\">El nuevo embajador de Cuba en Rep\u00fablica Dominicana, Angel Arzuaga Reyes (centro), junto al ing. Evelio Cabrera y otros acompa\u00f1antes rinden homenaje al ap\u00f3stol Jos\u00e9 Mart\u00ed en la casa-museo M\u00e1ximo G\u00f3mez.<\/div>\n<div class=\"yj6qo\"><\/div>\n<div class=\"adL\">\n<div id=\"attachment_65102\" style=\"width: 706px\" class=\"wp-caption aligncenter\"><img fetchpriority=\"high\" decoding=\"async\" aria-describedby=\"caption-attachment-65102\" class=\" td-center wp-image-65102 size-large\" src=\"https:\/\/eldiarioantillano.com\/wp-content\/uploads\/2024\/03\/IMG-20240316-WA0031-1024x460.jpg\" alt=\"\" width=\"696\" height=\"313\" srcset=\"https:\/\/eldiarioantillano.com\/uno\/wp-content\/uploads\/2024\/03\/IMG-20240316-WA0031-1024x460.jpg 1024w, https:\/\/eldiarioantillano.com\/uno\/wp-content\/uploads\/2024\/03\/IMG-20240316-WA0031-300x135.jpg 300w, https:\/\/eldiarioantillano.com\/uno\/wp-content\/uploads\/2024\/03\/IMG-20240316-WA0031-768x345.jpg 768w, https:\/\/eldiarioantillano.com\/uno\/wp-content\/uploads\/2024\/03\/IMG-20240316-WA0031-1536x690.jpg 1536w, https:\/\/eldiarioantillano.com\/uno\/wp-content\/uploads\/2024\/03\/IMG-20240316-WA0031-1170x526.jpg 1170w, https:\/\/eldiarioantillano.com\/uno\/wp-content\/uploads\/2024\/03\/IMG-20240316-WA0031-585x263.jpg 585w, https:\/\/eldiarioantillano.com\/uno\/wp-content\/uploads\/2024\/03\/IMG-20240316-WA0031.jpg 1600w\" sizes=\"(max-width: 696px) 100vw, 696px\" \/><p id=\"caption-attachment-65102\" class=\"wp-caption-text\">Montecriste\u00f1os y cubanos se reencuentran en la casa-museo M\u00e1ximo Gomez<\/p><\/div>\n<div id=\"attachment_65104\" style=\"width: 743px\" class=\"wp-caption aligncenter\"><img decoding=\"async\" aria-describedby=\"caption-attachment-65104\" class=\"wp-image-65104 \" src=\"https:\/\/eldiarioantillano.com\/wp-content\/uploads\/2024\/03\/IMG-20240316-WA0023-1024x460.jpg\" alt=\"\" width=\"733\" height=\"312\" \/><p id=\"caption-attachment-65104\" class=\"wp-caption-text\">Cubanos y montecriste\u00f1os entre los dos bustos de Mart\u00ed y G\u00f3mez en Montecristi<\/p><\/div>\n<\/div>\n<\/div>\n<\/div>\n<div id=\":fk\" class=\"hq gt\"><\/div>\n","protected":false},"excerpt":{"rendered":"<p>El nuevo embajador de Cuba en Rep\u00fablica Dominicana, Angel Arzuaga Reyes (centro), junto al ing.&hellip;<\/p>\n","protected":false},"author":1,"featured_media":65095,"comment_status":"open","ping_status":"open","sticky":false,"template":"","format":"standard","meta":{"footnotes":""},"categories":[57],"tags":[],"class_list":["post-65094","post","type-post","status-publish","format-standard","has-post-thumbnail","hentry","category-montecristi"],"_links":{"self":[{"href":"https:\/\/eldiarioantillano.com\/uno\/wp-json\/wp\/v2\/posts\/65094","targetHints":{"allow":["GET"]}}],"collection":[{"href":"https:\/\/eldiarioantillano.com\/uno\/wp-json\/wp\/v2\/posts"}],"about":[{"href":"https:\/\/eldiarioantillano.com\/uno\/wp-json\/wp\/v2\/types\/post"}],"author":[{"embeddable":true,"href":"https:\/\/eldiarioantillano.com\/uno\/wp-json\/wp\/v2\/users\/1"}],"replies":[{"embeddable":true,"href":"https:\/\/eldiarioantillano.com\/uno\/wp-json\/wp\/v2\/comments?post=65094"}],"version-history":[{"count":0,"href":"https:\/\/eldiarioantillano.com\/uno\/wp-json\/wp\/v2\/posts\/65094\/revisions"}],"wp:featuredmedia":[{"embeddable":true,"href":"https:\/\/eldiarioantillano.com\/uno\/wp-json\/wp\/v2\/media\/65095"}],"wp:attachment":[{"href":"https:\/\/eldiarioantillano.com\/uno\/wp-json\/wp\/v2\/media?parent=65094"}],"wp:term":[{"taxonomy":"category","embeddable":true,"href":"https:\/\/eldiarioantillano.com\/uno\/wp-json\/wp\/v2\/categories?post=65094"},{"taxonomy":"post_tag","embeddable":true,"href":"https:\/\/eldiarioantillano.com\/uno\/wp-json\/wp\/v2\/tags?post=65094"}],"curies":[{"name":"wp","href":"https:\/\/api.w.org\/{rel}","templated":true}]}}