{"id":65085,"date":"2024-03-17T00:21:00","date_gmt":"2024-03-17T04:21:00","guid":{"rendered":"https:\/\/eldiarioantillano.com\/?p=65085"},"modified":"2024-03-17T00:21:00","modified_gmt":"2024-03-17T04:21:00","slug":"mas-democracia-si-nostalgia-autoritaria-jamas","status":"publish","type":"post","link":"https:\/\/eldiarioantillano.com\/uno\/2024\/03\/17\/mas-democracia-si-nostalgia-autoritaria-jamas\/","title":{"rendered":"M\u00e1s democracia s\u00ed, nostalgia autoritaria jam\u00e1s"},"content":{"rendered":"<p>El formato del bloque de preguntas y las exposiciones de casi todos los participantes en el reciente debate entre los candidatos a senador por el Distrito Nacional constituye una demostraci\u00f3n de hasta d\u00f3nde ha penetrado en nuestro pa\u00eds la onda ultraconservadora que se expande en todo el mundo. Por las posiciones del algunos, el debate fue una suerte de tribuna tendente a condicionar las agendas de los poderes Ejecutivo y Legislativo del pr\u00f3ximo cuatrienio, una trampa en la que estos no deber\u00e1n caer. Ello as\u00ed, porque el pa\u00eds requiere urgentemente una pol\u00edtica decididamente inclusiva en los planos social y econ\u00f3mico para fortalecer su identidad como comunidad plural, algo que solo se logra en un contexto de pleno ejercicio de libertad y de consensos pol\u00edticos.<\/p>\n<p>Las tres preguntas iniciales del debate, en su formulaci\u00f3n, estuvieron claramente sesgadas, recurriendo a la f\u00e1bula de la conspiraci\u00f3n mundial para imponer la \u201cideolog\u00eda del g\u00e9nero\u201d, siguiendo con los temas de las tres causales y el migratorio que son parte de la agenda de esa \u201cconspiraci\u00f3n\u201d, seg\u00fan los sectores del ultra conservadurismo cerril. Son temas generalmente tratados con marcado simplismo de parte de esos sectores para negar derechos, en que confluyen sectores del m\u00e1s diverso espectro pol\u00edtico, social y eclesial del pa\u00eds, propensos todos al autoritarismo y a debilitar toda posibilidad de convivencia y de necesaria cohesi\u00f3n social. Aunque en auge a nivel mundial en algunos pa\u00edses se enfrenta con determinaci\u00f3n, no deja de causar tensiones, distracciones y fragmentaci\u00f3n social.<\/p>\n<p>Esto obliga a fijar posici\u00f3n contra esa tendencia, diferenciarse de ella y con un proyecto de sociedad realmente democr\u00e1tico, algo que no solo concierne a un partido en particular, sino a cualquier l\u00edder pol\u00edtico, sea este presidente en ejercicio o candidato a ese cargo. A ese prop\u00f3sito, resulta pertinente plantearse el tema de la situaci\u00f3n de los actores pol\u00edticos fundamentales del sistema, no solamente de los m\u00e1s grandes, sino de todos y de todo signo. Los partidos pol\u00edticos del pa\u00eds, sin excepci\u00f3n, necesitan un proceso de reafirmaci\u00f3n\/reconstrucci\u00f3n de sus identidades, de lo contrario corren el riesgo de m\u00e1s fragmentaci\u00f3n y\/o de dispersi\u00f3n que podr\u00edan arrastrar algunos hacia la irrelevancia o ineficacia pol\u00edtica a corto o mediano plazo para producir cambio, y a otros hacia su desaparici\u00f3n.<\/p>\n<p>En el caso del PLD, este que fue fundado con un pecado original: ser un partido pretendidamente exclusivo, diferente y opuesto a los dem\u00e1s (b\u00e1sicamente al entonces PRD), de esa condici\u00f3n de \u201cexclusividad\u201d degener\u00f3 en excluyente, esencialmente. Para expiar ese pecado e intentar regenerarse, sus buenos activos, que los tiene, deber\u00e1n asumir una posici\u00f3n frontal ante esa onda conservadora mundial que paulatinamente se aposenta en el pa\u00eds. El PRD naci\u00f3 buscando la inclusi\u00f3n de los hijos de machepas y posteriormente tuvo como principal figura un verdadero hijo de ella, al cual se le neg\u00f3 el derecho a la representaci\u00f3n. En el caso del PRM, a pesar de tener en su seno a figuras se\u00f1eras del entonces PRD de las luchas contra el conservadurismo balaguerista, algunos sectores se piensan exclusivos. Iron\u00eda de la historia<\/p>\n<p>Si ese vicio se expande, podr\u00eda convertir esa colectividad en estructuralmente excluyente, como en su momento lo fue el PLD. Sabemos las consecuencias. Y es que en este mundo de generalizada incertidumbre y sin las grandes ideas\/gu\u00eda de otros tiempos, muchos recurren nostalgia del autoritarismo, ya al ataque a la democracia como pr\u00e1ctica pol\u00edtica. Las direcciones de los dos partidos referidos, al igual que otros peque\u00f1os, pero que se reclaman progresistas o de izquierda no pueden subestimar el activismo de una gama de ultraconservadores que pululan en el pa\u00eds y que tienden a reagruparse. Algunos lo hacen vistiendo camisas negras, como hac\u00edan los fascistas en tiempo de Mussolini y que a\u00fan lo hacen en la actual Italia, haciendo su desafiante saludo romano de brazo en alto y mano abierta.<\/p>\n<p>La deriva ultraconservadora va al coraz\u00f3n de la democracia y cuando llega a un pa\u00eds no se ahorra ning\u00fan partido que no se sume a sus designios, por tanto, ninguna colectividad pol\u00edtica o social est\u00e1 a salvo de la ferocidad del ultra conservadurismo, sobre todo los de signos progresista.\u00a0 El presente gobierno, de reconfirmarse en el poder, cosa altamente probable, hasta ahora tiene la urgente necesidad de evitar los efectos corrosivos del conservadurismo contra esta sociedad, definiendo la \u00fanica herramienta que puede ser efectiva contra ese flagelo: pol\u00edticas p\u00fablicas orientadas hacia el gasto para disminuir de la desigualdad, que es la expresi\u00f3n m\u00e1s ofensiva de la pobreza, y defender firmemente las conquistas en materia de derechos humanos.<\/p>\n<p>A ese prop\u00f3sito, Gabriel Boric, cuando se le pregunt\u00f3 cu\u00e1l es el legado que quiere dejar como presidente de Chile, respondi\u00f3: \u201c\u2026haber tomado medidas que avancen en mayor justicia social y una mejor distribuci\u00f3n del ingreso. Adem\u00e1s, espero que podamos formar una coalici\u00f3n de largo plazo para un proyecto progresista en Chile\u201d. Es una posici\u00f3n de coherencia pol\u00edtica y personal, al tiempo de ser un programa m\u00ednimo para cualquier proyecto progresista en este momento en que la democracia es el escenario fundamental para la lucha pol\u00edtica y contra la nostalgia autoritaria. De todo signo\u2026<\/p>\n","protected":false},"excerpt":{"rendered":"<p>El formato del bloque de preguntas y las exposiciones de casi todos los participantes en&hellip;<\/p>\n","protected":false},"author":1,"featured_media":63777,"comment_status":"open","ping_status":"open","sticky":false,"template":"","format":"standard","meta":{"footnotes":""},"categories":[71,55,51],"tags":[],"class_list":["post-65085","post","type-post","status-publish","format-standard","has-post-thumbnail","hentry","category-cesar-perez","category-nacionales","category-opinion"],"_links":{"self":[{"href":"https:\/\/eldiarioantillano.com\/uno\/wp-json\/wp\/v2\/posts\/65085","targetHints":{"allow":["GET"]}}],"collection":[{"href":"https:\/\/eldiarioantillano.com\/uno\/wp-json\/wp\/v2\/posts"}],"about":[{"href":"https:\/\/eldiarioantillano.com\/uno\/wp-json\/wp\/v2\/types\/post"}],"author":[{"embeddable":true,"href":"https:\/\/eldiarioantillano.com\/uno\/wp-json\/wp\/v2\/users\/1"}],"replies":[{"embeddable":true,"href":"https:\/\/eldiarioantillano.com\/uno\/wp-json\/wp\/v2\/comments?post=65085"}],"version-history":[{"count":0,"href":"https:\/\/eldiarioantillano.com\/uno\/wp-json\/wp\/v2\/posts\/65085\/revisions"}],"wp:featuredmedia":[{"embeddable":true,"href":"https:\/\/eldiarioantillano.com\/uno\/wp-json\/wp\/v2\/media\/63777"}],"wp:attachment":[{"href":"https:\/\/eldiarioantillano.com\/uno\/wp-json\/wp\/v2\/media?parent=65085"}],"wp:term":[{"taxonomy":"category","embeddable":true,"href":"https:\/\/eldiarioantillano.com\/uno\/wp-json\/wp\/v2\/categories?post=65085"},{"taxonomy":"post_tag","embeddable":true,"href":"https:\/\/eldiarioantillano.com\/uno\/wp-json\/wp\/v2\/tags?post=65085"}],"curies":[{"name":"wp","href":"https:\/\/api.w.org\/{rel}","templated":true}]}}