{"id":65044,"date":"2024-03-14T01:38:42","date_gmt":"2024-03-14T05:38:42","guid":{"rendered":"https:\/\/eldiarioantillano.com\/?p=65044"},"modified":"2024-03-14T01:38:42","modified_gmt":"2024-03-14T05:38:42","slug":"eeuu-mantiene-falta-de-voluntad-de-cambiar-politica-hacia-cuba","status":"publish","type":"post","link":"https:\/\/eldiarioantillano.com\/uno\/2024\/03\/14\/eeuu-mantiene-falta-de-voluntad-de-cambiar-politica-hacia-cuba\/","title":{"rendered":"EEUU mantiene falta de voluntad de  cambiar pol\u00edtica hacia Cuba"},"content":{"rendered":"<p class=\"western\" lang=\"es-DO\"><span style=\"font-family: Verdana, sans-serif;\"><span style=\"font-size: medium;\">Washington (<\/span><\/span><span style=\"font-family: Verdana, sans-serif;\"><span style=\"font-size: medium;\"><b>Prensa Latina)<\/b><\/span><\/span><span style=\"font-family: Verdana, sans-serif;\"><span style=\"font-size: medium;\"> Para no admitir la falta de voluntad de cambiar la pol\u00edtica hacia Cuba, el Gobierno de Estados Unidos sigue apelando a razones demag\u00f3gicas, la distorsi\u00f3n y la manipulaci\u00f3n enga\u00f1osa de pretextos.<\/span><\/span><\/p>\n<p class=\"western\" lang=\"es-DO\"><span style=\"font-family: Verdana, sans-serif;\"><span style=\"font-size: medium;\">As\u00ed afirm\u00f3 en di\u00e1logo exclusivo con Prensa Latina, Johana Tablada, subdirectora general de la Direcci\u00f3n de Estados Unidos del Ministerio de Relaciones Exteriores de Cuba, quien se encuentra en visita de trabajo en esta capital.<\/span><\/span><\/p>\n<p class=\"western\" lang=\"es-DO\"><span style=\"font-family: Verdana, sans-serif;\"><span style=\"font-size: medium;\">En estos momentos no solamente el gobierno, los sectores m\u00e1s conservadores o m\u00e1s anticubanos de la sociedad estadounidense utilizan pretextos como que en Cuba hay bases militares de pa\u00edses extranjeros o que el Gobierno de Cuba est\u00e1 en un programa para enviar soldados a Ucrania, dijo.<\/span><\/span><\/p>\n<p class=\"western\" lang=\"es-DO\">\u201c<span style=\"font-family: Verdana, sans-serif;\"><span style=\"font-size: medium;\">Es absolutamente falso y ha sido desmentido, al igual que la acusaci\u00f3n de las bases chinas que todas las semanas lo pone The Wall Street Journal con total impunidad y sin apego a ninguna evidencia\u201d, subray\u00f3 Tablada.<\/span><\/span><\/p>\n<p class=\"western\" lang=\"es-DO\"><span style=\"font-family: Verdana, sans-serif;\"><span style=\"font-size: medium;\">La diplom\u00e1tica se refiri\u00f3 al \u201cpermanente enga\u00f1o con el tema de los derechos humanos en el cual el Gobierno de Estados Unidos otorga un tratamiento privilegiado a aquellas personas que han sido objetivo o destinatarios de sus proyectos de financiamiento para sus programas de intervenci\u00f3n en la pol\u00edtica interna de Cuba\u201d.<\/span><\/span><\/p>\n<p class=\"western\" lang=\"es-DO\"><span style=\"font-family: Verdana, sans-serif;\"><span style=\"font-size: medium;\">Esos individuos -a\u00f1adi\u00f3- \u201cdespu\u00e9s son presentados como los h\u00e9roes que no son, pues no tienen respaldo en nuestra sociedad\u201d.<\/span><\/span><\/p>\n<p class=\"western\" lang=\"es-DO\"><span style=\"font-family: Verdana, sans-serif;\"><span style=\"font-size: medium;\">Enfatiz\u00f3 que, al favorecer a esas personas, muchas de las cuales ni siquiera viven en Cuba, se pretende justificar la permanente y real violaci\u00f3n de los derechos humanos de millones de cubanos, a los cuales se les est\u00e1 privando de sus derechos fundamentales.<\/span><\/span><\/p>\n<p class=\"western\" lang=\"es-DO\"><span style=\"font-family: Verdana, sans-serif;\"><span style=\"font-size: medium;\">Se les priva, adem\u00e1s, de su derecho a tener una relaci\u00f3n normal con el resto del mundo, normal con Estados Unidos y de desarrollarse a su real y m\u00e1xima capacidad, advirti\u00f3 la funcionaria.<\/span><\/span><\/p>\n<p class=\"western\" lang=\"es-DO\"><span style=\"font-family: Verdana, sans-serif;\"><span style=\"font-size: medium;\">Al referirse al tema de las relaciones entre los dos pa\u00edses, Tablada explic\u00f3 que \u201cla pol\u00edtica del Gobierno de Joe Biden ha seguido en esencia la pol\u00edtica del Gobierno de Donald Trump\u201d.<\/span><\/span><\/p>\n<p class=\"western\" lang=\"es-DO\"><span style=\"font-family: Verdana, sans-serif;\"><span style=\"font-size: medium;\">La mayor parte o la inmensa mayor\u00eda de las medidas son de m\u00e1xima presi\u00f3n, medidas extremas, inhumanas, dirigidas a evitar que ingresen a la econom\u00eda cubana y a nuestra poblaci\u00f3n fuentes para su sustento con el prop\u00f3sito de desestabilizar el pa\u00eds y de eventualmente provocar el derrocamiento de la Revoluci\u00f3n, acot\u00f3.<\/span><\/span><\/p>\n<p class=\"western\" lang=\"es-DO\"><span style=\"font-family: Verdana, sans-serif;\"><span style=\"font-size: medium;\">Record\u00f3 que con esa postura Biden \u201cest\u00e1 faltando incluso a la promesa electoral de que aquellas medidas inhumanas que afectaban a la familia cubana iban a ser levantadas\u201d.<\/span><\/span><\/p>\n<p class=\"western\" lang=\"es-DO\"><span style=\"font-family: Verdana, sans-serif;\"><span style=\"font-size: medium;\">En 2024, a\u00fan existe la posibilidad de un segundo mandato del presidente Biden, pero tambi\u00e9n de que en enero de 2025 retorne lo que yo digo \u2018el equipo de demolici\u00f3n del presidente Trump\u2019\u201d, afirm\u00f3 Tablada.<\/span><\/span><\/p>\n<p class=\"western\" lang=\"es-DO\"><span style=\"font-family: Verdana, sans-serif;\"><span style=\"font-size: medium;\">Consider\u00f3 que el triste legado de esta administraci\u00f3n \u201cser\u00eda la ola migratoria m\u00e1s grande de la historia de Cuba que ha sido muy lamentable para poblaci\u00f3n cubana, para la familia cubana\u201d.<\/span><\/span><\/p>\n<p class=\"western\" lang=\"es-DO\"><span style=\"font-family: Verdana, sans-serif;\"><span style=\"font-size: medium;\">Advirti\u00f3 que esa situaci\u00f3n es \u201cresultado de esa apuesta irracional insensible y desconectada de la realidad, de pensar que, con privar a las personas de sustento, de cortar todas las fuentes de ingreso a la econom\u00eda cubana, va a lograr descarrilar un proceso como el nuestro de independencia y soberan\u00eda\u201d.<\/span><\/span><\/p>\n<p class=\"western\" lang=\"es-DO\"><span style=\"font-family: Verdana, sans-serif;\"><span style=\"font-size: medium;\">Reiter\u00f3 que esa es una pol\u00edtica que se aplica desde 1959, cuando triunf\u00f3 la Revoluci\u00f3n, y no ha funcionado en ese objetivo principal de doblegar la voluntad del pueblo de Cuba de seguir adelante.<\/span><\/span><\/p>\n<p class=\"western\" lang=\"es-DO\">\u201c<span style=\"font-family: Verdana, sans-serif;\"><span style=\"font-size: medium;\">Debemos reconocer y admitir que han tenido \u00e9xito en deteriorar el nivel de vida de las cubanas y de los cubanos, que han tenido \u00e9xito en provocar una situaci\u00f3n dif\u00edcil para nuestra poblaci\u00f3n\u201d, expres\u00f3.<\/span><\/span><\/p>\n<p class=\"western\" lang=\"es-DO\"><span style=\"font-family: Verdana, sans-serif;\"><span style=\"font-size: medium;\"><b>V\u00cdNCULO DIRECTO<\/b><\/span><\/span><\/p>\n<p class=\"western\" lang=\"es-DO\"><span style=\"font-family: Verdana, sans-serif;\"><span style=\"font-size: medium;\">Lo cierto -apunt\u00f3 Tablada- es que cada d\u00eda resulta m\u00e1s dif\u00edcil sino imposible ocultar que hay un v\u00ednculo directo entre el impacto de las medidas de m\u00e1xima presi\u00f3n de Trump mantenidas por Biden y la ola migratoria producida desde que Cuba fue fraudulentamente incluida, injustamente, en la lista de Estados patrocinadores del terrorismo.<\/span><\/span><\/p>\n<p class=\"western\" lang=\"es-DO\">\u201c<span style=\"font-family: Verdana, sans-serif;\"><span style=\"font-size: medium;\">Como sabemos no es una calumnia m\u00e1s, esa es una medida que va directamente a la yugular de la econom\u00eda cubana\u201d, sentenci\u00f3 la diplom\u00e1tica al referirse a la arbitraria designaci\u00f3n de Cuba como Estado patrocinador del terrorismo.<\/span><\/span><\/p>\n<p class=\"western\" lang=\"es-DO\"><span style=\"font-family: Verdana, sans-serif;\"><span style=\"font-size: medium;\">El Gobierno de Estados Unidos -sostuvo- no ha tenido \u00e9xito en aplicar esa l\u00f3gica tan torcida de que si se aprieta el bloqueo finalmente va a provocarse una situaci\u00f3n de revuelta, de desestabilizaci\u00f3n de nuestra poblaci\u00f3n, para culpar al Gobierno de Cuba del impacto de las medidas tomadas por ellos.<\/span><\/span><\/p>\n<p class=\"western\" lang=\"es-DO\"><span style=\"font-family: Verdana, sans-serif;\"><span style=\"font-size: medium;\">Pero s\u00ed tenemos que admitir que ha existido un impacto muy severo, muy doloroso, en el nivel de vida de la familia cubana que hoy ve afectada su canasta b\u00e1sica, los precios del transporte, la posibilidad de ingerir los alimentos que se necesitan y la idea de ellos es que esto se debe a que Cuba es un Estado fallido, esa es la narrativa que se repite, se\u00f1al\u00f3.<\/span><\/span><\/p>\n<p class=\"western\" lang=\"es-DO\"><span style=\"font-family: Verdana, sans-serif;\"><span style=\"font-size: medium;\">Tablada anticip\u00f3 que est\u00e1n reuniendo datos de las multas aplicadas por el Departamento de Comercio a los socios comerciales de Cuba \u201cy han roto el r\u00e9cord de a\u00f1os anteriores\u201d.<\/span><\/span><\/p>\n<p class=\"western\" lang=\"es-DO\"><span style=\"font-family: Verdana, sans-serif;\"><span style=\"font-size: medium;\">Entre las medidas implementadas con toda su fuerza contra la isla est\u00e1 una de las m\u00e1s criminales e innobles que hace el Gobierno de Estados Unidos, la operaci\u00f3n de desinformaci\u00f3n con la cooperaci\u00f3n m\u00e9dica de Cuba.<\/span><\/span><\/p>\n<p class=\"western\" lang=\"es-DO\"><span style=\"font-family: Verdana, sans-serif;\"><span style=\"font-size: medium;\">Este gobierno tambi\u00e9n excluy\u00f3 a Cuba de la revisi\u00f3n de las medidas unilaterales coercitivas que afectaban a la capacidad de los Estados de luchar contra la Covid-19, enumer\u00f3.<\/span><\/span><\/p>\n<p class=\"western\" lang=\"es-DO\"><span style=\"font-family: Verdana, sans-serif;\"><span style=\"font-size: medium;\">Pero es importante hacer una separaci\u00f3n entre la posici\u00f3n del Gobierno de Estados Unidos, y los sectores acad\u00e9micos, econ\u00f3micos, pol\u00edticos, sociales, cient\u00edficos, de derechos humanos, j\u00f3venes y el movimiento de solidaridad.<\/span><\/span><\/p>\n<p class=\"western\" lang=\"es-DO\"><span style=\"font-family: Verdana, sans-serif;\"><span style=\"font-size: medium;\">Se han adoptado en Estados Unidos m\u00e1s de 108 resoluciones para que se saque a Cuba de la lista de pa\u00edses patrocinadores del terrorismo, para que se levante el bloqueo, para que se coopere con Cuba en \u00e1reas de salud, las cuales deber\u00edan ser objeto de colaboraci\u00f3n y no de persecuci\u00f3n, insisti\u00f3.<\/span><\/span><\/p>\n<p class=\"western\" lang=\"es-DO\"><span style=\"font-family: Verdana, sans-serif;\"><span style=\"font-size: medium;\">Tablada reiter\u00f3 que Cuba est\u00e1 sometida a una operaci\u00f3n enga\u00f1osa, a una l\u00f3gica \u201cen la que yo hago todo lo que pueda para asfixiar tu econom\u00eda y al mismo tiempo estoy financiando una operaci\u00f3n de desinformaci\u00f3n permanente y sistem\u00e1tica con cientos de millones de d\u00f3lares para responsabilizar a la v\u00edctima del impacto de esas medidas\u201d.<\/span><\/span><\/p>\n<p class=\"western\" lang=\"es-DO\"><span style=\"font-family: Verdana, sans-serif;\"><span style=\"font-size: medium;\">Lo curioso en esto -indic\u00f3- es que las mismas organizaciones y plataformas que tienen altas contribuciones del Gobierno de Estados Unidos son los protagonistas de esta operaci\u00f3n de desinformaci\u00f3n.<\/span><\/span><\/p>\n<p class=\"western\" lang=\"es-DO\"><span style=\"font-family: Verdana, sans-serif;\"><span style=\"font-size: medium;\"><b>IMPORTANTES RESORTES<\/b><\/span><\/span><\/p>\n<p lang=\"es-DO\"><span style=\"color: #262626;\">\u201c<span style=\"font-family: Verdana, sans-serif;\"><span style=\"font-size: medium;\">El pueblo de Cuba conf\u00eda mucho m\u00e1s en la solidaridad que es muy grande, en la decencia y el decoro de esas instituciones que siempre van a extender la mano a un pa\u00eds que como pocos ha estado tendiendo la mano para ayudar a todo el que lo ha necesitado\u201d, dijo.<\/span><\/span><\/span><\/p>\n<p lang=\"es-DO\"><span style=\"color: #262626;\"><span style=\"font-family: Verdana, sans-serif;\"><span style=\"font-size: medium;\">Con m\u00e1s de 30 a\u00f1os de carrera diplom\u00e1tica y un amplio conocimiento de este pa\u00eds, Tablada explic\u00f3 c\u00f3mo ha podido distinguir muy bien que una cosa es la pol\u00edtica de los gobiernos estadounidenses, envejecida, fracasada y con el prop\u00f3sito de doblegar la voluntad de los cubanos, que la poblaci\u00f3n de Estados Unidos.<\/span><\/span><\/span><\/p>\n<p lang=\"es-DO\"><span style=\"color: #262626;\"><span style=\"font-family: Verdana, sans-serif;\"><span style=\"font-size: medium;\">Mencion\u00f3 a ese Estados Unidos con sus universidades, sus centros cient\u00edficos, sus grupos sectoriales o gremiales, agricultores, profesores, maestros, que aun en medio de la narrativa de que Cuba es una dictadura y es el Estado totalitario invitan a una relaci\u00f3n civilizada entre ambos lados.<\/span><\/span><\/span><\/p>\n<p lang=\"es-DO\"><span style=\"color: #262626;\"><span style=\"font-family: Verdana, sans-serif;\"><span style=\"font-size: medium;\">Pregunto qui\u00e9n impide que viajen los estadounidenses a Cuba o los cubanos a Estados Unidos que hoy solo pueden venir para emigrar; qui\u00e9n es el que tiene la lista de hoteles en los que no se pueden alojar; o las empresas de terceros pa\u00edses con las que tampoco se pueden tener relaciones porque pueden ser sancionadas.<\/span><\/span><\/span><\/p>\n<p lang=\"es-DO\"><span style=\"color: #262626;\"><span style=\"font-family: Verdana, sans-serif;\"><span style=\"font-size: medium;\">Est\u00e1 muy claro y yo pienso que los estadounidenses por razones pol\u00edticas electorales, por la corrupci\u00f3n que tiene el sistema electoral estadounidense, donde un peque\u00f1o grupo puede adue\u00f1arse de un tema tan importante como la pol\u00edtica exterior para preservar privilegios.<\/span><\/span><\/span><\/p>\n<p lang=\"es-DO\"><span style=\"color: #262626;\"><span style=\"font-family: Verdana, sans-serif;\"><span style=\"font-size: medium;\">As\u00ed ocurre con la propuesta de la congresista republicana Mar\u00eda Elvira Salazar, que quiere perpetuar la designaci\u00f3n de Cuba como Estado patrocinador del terrorismo \u201clo cual es un desastre y estoy segura que eso no se va a aprobar\u201d, pronostic\u00f3.<\/span><\/span><\/span><\/p>\n<p lang=\"es-DO\"><span style=\"color: #262626;\"><span style=\"font-family: Verdana, sans-serif;\"><span style=\"font-size: medium;\">Pero tampoco sabemos qui\u00e9n vendr\u00e1 en enero ni qui\u00e9n controlar\u00e1, este es un pa\u00eds donde est\u00e1n muy polarizados, donde hay fuerzas emergentes casi de corte fascista, y donde se han puesto de moda incluso valores de barbarie que son anticivilizatorios como el racismo, la xenofobia y la discriminaci\u00f3n.<\/span><\/span><\/span><\/p>\n<p lang=\"es-DO\"><span style=\"color: #262626;\"><span style=\"font-family: Verdana, sans-serif;\"><span style=\"font-size: medium;\">Resumi\u00f3 que en esta semana de trabajo en Washington DC sostuvo m\u00e1s de 20 reuniones en distintos sectores, en universidades con instituciones que est\u00e1n interesadas en tener negocios con Cuba y nacionales residentes aqu\u00ed tambi\u00e9n.<\/span><\/span><\/span><\/p>\n<p lang=\"es-DO\"><span style=\"color: #262626;\"><span style=\"font-family: Verdana, sans-serif;\"><span style=\"font-size: medium;\">Adem\u00e1s, coment\u00f3 que intercambi\u00f3 con representantes de entidades que quieren cooperar con Cuba, como ocurri\u00f3 con la vacuna de c\u00e1ncer de pulm\u00f3n, y \u201cmuchos quisieran ampliar eso\u201d.<\/span><\/span><\/span><\/p>\n<p lang=\"es-DO\"><span style=\"color: #262626;\"><span style=\"font-family: Verdana, sans-serif;\"><span style=\"font-size: medium;\">La subdirectora general de la Direcci\u00f3n de Estados Unidos de la Canciller\u00eda cubana se entrevist\u00f3 igualmente con miembros del Congreso, tanto de la C\u00e1mara de Representantes como del Senado.<\/span><\/span><\/span><\/p>\n<p lang=\"es-DO\"><span style=\"color: #262626;\"><span style=\"font-family: Verdana, sans-serif;\"><span style=\"font-size: medium;\">Se\u00f1al\u00f3 que el n\u00famero de estadounidenses que viaj\u00f3 a Cuba en 2023 a\u00fan no es como el de 2018 que result\u00f3 un a\u00f1o r\u00e9cord, pero m\u00e1s de 200 mil cubanos fueron y m\u00e1s de 100 mil estadounidenses estuvieron en \u201cnuestro pa\u00eds a pesar que no est\u00e1n permitidas las visitas individuales\u201d.<\/span><\/span><\/span><\/p>\n<p lang=\"es-DO\"><span style=\"color: #262626;\"><span style=\"font-family: Verdana, sans-serif;\"><span style=\"font-size: medium;\">Recalc\u00f3 que viajaron \u201ca pesar que no se pueden hospedar en los hoteles porque forma parte de esa pol\u00edtica de presi\u00f3n y de extorsi\u00f3n, y por otra parte creo que han ca\u00eddo muchas excusas y pretextos, y m\u00e1scaras de los pol\u00edticos que han hecho su carrera sobre la base de torturar a un pa\u00eds que no conocen, que la gran mayor\u00eda ni siquiera naci\u00f3 all\u00ed ni lo han visitado\u201d.<\/span><\/span><\/span><\/p>\n<p lang=\"es-DO\"><span style=\"color: #262626;\">\u201c<span style=\"font-family: Verdana, sans-serif;\"><span style=\"font-size: medium;\">El tema Cuba se utiliza con razones pol\u00edticas para obtener beneficios, contribuciones y para repartir ese dinero que logran con los a\u00f1os que apruebe el Gobierno de Estados Unidos\u201d, afirm\u00f3.<\/span><\/span><\/span><\/p>\n<p lang=\"es-DO\"><span style=\"color: #262626;\"><span style=\"font-family: Verdana, sans-serif;\"><span style=\"font-size: medium;\">La diplom\u00e1tica hizo hincapi\u00e9 en que todo ello es con el prop\u00f3sito de \u201cintervenir en los asuntos internos para aprobar proyectos de cambio de r\u00e9gimen y para financiar las operaciones de desinformaci\u00f3n y de noticias falsas\u201d.<\/span><\/span><\/span><\/p>\n<p lang=\"es-DO\"><span style=\"color: #262626;\"><span style=\"font-family: Verdana, sans-serif;\"><span style=\"font-size: medium;\">Lo que no pierdo la esperanza, me voy optimista no de que haya alguna se\u00f1al, porque nosotros no vemos honestamente voluntad real y no se puede cambiar esta pol\u00edtica de abuso, de medidas extremas si no existe esa voluntad pol\u00edtica para ello, pero por otra parte s\u00ed vemos mucha presi\u00f3n e inter\u00e9s en sectores diversos de la sociedad norteamericana, subray\u00f3.<\/span><\/span><\/span><\/p>\n<p lang=\"es-DO\"><span style=\"color: #262626;\"><span style=\"font-family: Verdana, sans-serif;\"><span style=\"font-size: medium;\">Hemos reiterado al Gobierno de Estados Unidos y a nuestras contrapartes aqu\u00ed que sigue en pie la posici\u00f3n del Gobierno de Cuba de avanzar hacia una relaci\u00f3n civilizada, de encontrarnos en cualquier mesa de conversaci\u00f3n donde haya un tema en el cual exista inter\u00e9s com\u00fan.<\/span><\/span><\/span><\/p>\n<p lang=\"es-DO\"><span style=\"color: #262626;\">\u201c<span style=\"font-family: Verdana, sans-serif;\"><span style=\"font-size: medium;\">En 2023, no es un secreto para nadie, se restablecieron, aun cuando se han mantenido las medidas m\u00e1s duras que afectan la vida de los cubanos y las cubanas, determinados espacios de cooperaci\u00f3n e intercambio con el Gobierno de Estados Unidos\u201d, argument\u00f3 la funcionaria de la Canciller\u00eda.<\/span><\/span><\/span><\/p>\n<p lang=\"es-DO\"><span style=\"color: #262626;\"><span style=\"font-family: Verdana, sans-serif;\"><span style=\"font-size: medium;\">Para Johana Tablada eso tambi\u00e9n demuestra la buena voluntad del Gobierno de Cuba en total coherencia con las aspiraciones de su pueblo, de vivir en paz con su vecino m\u00e1s cercano.<\/span><\/span><\/span><\/p>\n<p lang=\"es-DO\"><span style=\"color: #262626;\"><span style=\"font-family: Verdana, sans-serif;\"><span style=\"font-size: medium;\">arb\/dfm<\/span><\/span><\/span><\/p>\n<p class=\"western\" lang=\"es-DO\">\n","protected":false},"excerpt":{"rendered":"<p>Washington (Prensa Latina) Para no admitir la falta de voluntad de cambiar la pol\u00edtica hacia&hellip;<\/p>\n","protected":false},"author":1,"featured_media":65046,"comment_status":"open","ping_status":"open","sticky":false,"template":"","format":"standard","meta":{"footnotes":""},"categories":[52],"tags":[],"class_list":["post-65044","post","type-post","status-publish","format-standard","has-post-thumbnail","hentry","category-internacionales"],"_links":{"self":[{"href":"https:\/\/eldiarioantillano.com\/uno\/wp-json\/wp\/v2\/posts\/65044","targetHints":{"allow":["GET"]}}],"collection":[{"href":"https:\/\/eldiarioantillano.com\/uno\/wp-json\/wp\/v2\/posts"}],"about":[{"href":"https:\/\/eldiarioantillano.com\/uno\/wp-json\/wp\/v2\/types\/post"}],"author":[{"embeddable":true,"href":"https:\/\/eldiarioantillano.com\/uno\/wp-json\/wp\/v2\/users\/1"}],"replies":[{"embeddable":true,"href":"https:\/\/eldiarioantillano.com\/uno\/wp-json\/wp\/v2\/comments?post=65044"}],"version-history":[{"count":0,"href":"https:\/\/eldiarioantillano.com\/uno\/wp-json\/wp\/v2\/posts\/65044\/revisions"}],"wp:featuredmedia":[{"embeddable":true,"href":"https:\/\/eldiarioantillano.com\/uno\/wp-json\/wp\/v2\/media\/65046"}],"wp:attachment":[{"href":"https:\/\/eldiarioantillano.com\/uno\/wp-json\/wp\/v2\/media?parent=65044"}],"wp:term":[{"taxonomy":"category","embeddable":true,"href":"https:\/\/eldiarioantillano.com\/uno\/wp-json\/wp\/v2\/categories?post=65044"},{"taxonomy":"post_tag","embeddable":true,"href":"https:\/\/eldiarioantillano.com\/uno\/wp-json\/wp\/v2\/tags?post=65044"}],"curies":[{"name":"wp","href":"https:\/\/api.w.org\/{rel}","templated":true}]}}