{"id":65040,"date":"2024-03-14T01:35:57","date_gmt":"2024-03-14T05:35:57","guid":{"rendered":"https:\/\/eldiarioantillano.com\/?p=65040"},"modified":"2024-03-14T01:35:57","modified_gmt":"2024-03-14T05:35:57","slug":"informe-preliminar-de-la-economia-rd","status":"publish","type":"post","link":"https:\/\/eldiarioantillano.com\/uno\/2024\/03\/14\/informe-preliminar-de-la-economia-rd\/","title":{"rendered":"Informe preliminar de la econom\u00eda RD"},"content":{"rendered":"<p>Aqu\u00ed el informe preliminar de la econom\u00eda RD 2023 del Banco Central:<\/p>\n<p><a href=\"https:\/\/eldiarioantillano.com\/wp-content\/uploads\/2024\/03\/infeco_definitivo2023-12.pdf\">infeco_definitivo2023-12<\/a><\/p>\n","protected":false},"excerpt":{"rendered":"<p>Aqu\u00ed el informe preliminar de la econom\u00eda RD 2023 del Banco Central: infeco_definitivo2023-12<\/p>\n","protected":false},"author":1,"featured_media":59939,"comment_status":"open","ping_status":"open","sticky":false,"template":"","format":"standard","meta":{"footnotes":""},"categories":[62,55],"tags":[],"class_list":["post-65040","post","type-post","status-publish","format-standard","has-post-thumbnail","hentry","category-economia","category-nacionales"],"_links":{"self":[{"href":"https:\/\/eldiarioantillano.com\/uno\/wp-json\/wp\/v2\/posts\/65040","targetHints":{"allow":["GET"]}}],"collection":[{"href":"https:\/\/eldiarioantillano.com\/uno\/wp-json\/wp\/v2\/posts"}],"about":[{"href":"https:\/\/eldiarioantillano.com\/uno\/wp-json\/wp\/v2\/types\/post"}],"author":[{"embeddable":true,"href":"https:\/\/eldiarioantillano.com\/uno\/wp-json\/wp\/v2\/users\/1"}],"replies":[{"embeddable":true,"href":"https:\/\/eldiarioantillano.com\/uno\/wp-json\/wp\/v2\/comments?post=65040"}],"version-history":[{"count":0,"href":"https:\/\/eldiarioantillano.com\/uno\/wp-json\/wp\/v2\/posts\/65040\/revisions"}],"wp:featuredmedia":[{"embeddable":true,"href":"https:\/\/eldiarioantillano.com\/uno\/wp-json\/wp\/v2\/media\/59939"}],"wp:attachment":[{"href":"https:\/\/eldiarioantillano.com\/uno\/wp-json\/wp\/v2\/media?parent=65040"}],"wp:term":[{"taxonomy":"category","embeddable":true,"href":"https:\/\/eldiarioantillano.com\/uno\/wp-json\/wp\/v2\/categories?post=65040"},{"taxonomy":"post_tag","embeddable":true,"href":"https:\/\/eldiarioantillano.com\/uno\/wp-json\/wp\/v2\/tags?post=65040"}],"curies":[{"name":"wp","href":"https:\/\/api.w.org\/{rel}","templated":true}]}}