{"id":65038,"date":"2024-03-14T01:15:12","date_gmt":"2024-03-14T05:15:12","guid":{"rendered":"https:\/\/eldiarioantillano.com\/?p=65038"},"modified":"2024-03-14T01:15:12","modified_gmt":"2024-03-14T05:15:12","slug":"por-dios-paremos-esto-ya","status":"publish","type":"post","link":"https:\/\/eldiarioantillano.com\/uno\/2024\/03\/14\/por-dios-paremos-esto-ya\/","title":{"rendered":"\u00a1Por Dios, paremos esto ya!"},"content":{"rendered":"<p align=\"justify\"><span style=\"font-size: large;\">En agosto del pasado a\u00f1o 2023, el propio presidente de la Rep\u00fablica, Luis Rodolfo Abinader Corona, revel\u00f3 un dato escalofriante y aterrador: el 68.7% de los accidentes de tr\u00e1nsito en Rep\u00fablica Dominicana se producen en motocicletas.<\/span><\/p>\n<p align=\"justify\"><span style=\"font-size: large;\">Corre, raudo y veloz, el a\u00f1o 2024 y las estad\u00edsticas sobre accidentes de tr\u00e1nsito, particularmente con motocicletas, siguen siendo t\u00e9tricas, dram\u00e1ticas.<\/span><\/p>\n<p align=\"justify\"><span style=\"font-size: large;\">Hasta enero pasado, el parque vehicular dominicano ascendi\u00f3 a 5,838,510 unidades, de las cuales, el 56.5%; o sea, 3,298 mil 697 eran motocicletas y los vol\u00famenes mayores siguientes, correspondieron a autom\u00f3viles privados, con 1, 095,155; yipetas con 683, 266, y de cargas, 523,014 unidades.<\/span><\/p>\n<p align=\"justify\"><span style=\"font-size: large;\">Otros 234, 686 veh\u00edculos estaban repartidos hasta enero entre autobuses privados, volteos, m\u00e1quinas pesadas, remolques, autom\u00f3viles p\u00fablicos, urbanos e interurbanos y tur\u00edsticos, autobuses p\u00fablicos, urbano e interurbano; ambulancias y carros f\u00fanebres.<\/span><\/p>\n<p align=\"justify\"><span style=\"font-size: large;\">Como es visible, se trata de un inmenso parque vehicular para un pa\u00eds que comenz\u00f3 a abrirse, apenas, con el inicio del nuevo siglo XXI, en el a\u00f1o 2000, por cu\u00e1nto muchas de sus avenidas, calles, carreteras y caminos todav\u00eda siguen, como cuando fueron concebidos para caballos, bicicletas y carretas.<\/span><\/p>\n<p align=\"justify\"><span style=\"font-size: large;\">El detalle que antecede junto al \u00edmpetu, la prisa, el irrespeto a las directrices y a las autoridades y el \u201cna \u00b4 e\u00b4 na\u00b4\u201d, con los que act\u00faan algunos ciudadanos, se convierte en una bomba de tiempo que continuamente explota en calles y carreteras para que Rep\u00fablica Dominicana ocupe el nada envidioso primer lugar en el ranking de los pa\u00edses con la mayor tasa de muertes por accidentes de tr\u00e1nsito.<\/span><\/p>\n<p align=\"justify\"><span style=\"font-size: large;\">Seg\u00fan la entidad World of Statistics, Estad\u00edsticas mundiales, el territorio nacional ocupa el puesto n\u00famero uno en el ranking con un total de 65 muertes en accidentes de tr\u00e1nsito por cada 100,000 habitantes, lo que significa que unas 45 se producen en motocicletas, lo que supera el total de las que se producen en la Rep\u00fablica de Zimbabwe, con 41; Venezuela, con 39; Arabia Saudita, con 36; y Tailandia con 32 muertes por cada 100,000 habitantes, respectivamente.<\/span><\/p>\n<p align=\"justify\"><span style=\"font-size: large;\">Si esto no es un r\u00e9cord, es un gran average, o sea, un gran promedio, en el lenguaje beisbolero.<\/span><\/p>\n<p align=\"justify\"><span style=\"font-size: large;\">Por eso, hay preocupaci\u00f3n en distintos sectores y da la impresi\u00f3n de que tambi\u00e9n entre quienes tienen la responsabilidad de tomar decisiones que puedan ir dando al traste con la terrible situaci\u00f3n en la que se ha convertido el caos del tr\u00e1nsito y con \u00e9l los accidentes viales. \u00a1Pero, vaya!<\/span><\/p>\n<p align=\"justify\"><span style=\"font-size: large;\">Existen estudios de instituciones vinculadas al tr\u00e1nsito y al transporte del pa\u00eds, as\u00ed como de otras que velan por la calidad de vida de la gente, tanto nacionales como internacionales, que han puesto de manifiesto las principales causas que estar\u00edan provocando los accidentes de tr\u00e1nsito en el pa\u00eds.<\/span><\/p>\n<p align=\"justify\"><span style=\"font-size: large;\">La pregunta surge una y otra vez: \u00bfPor qu\u00e9 no se ha hecho algo desde las instancias oficiales para enfrentar un tema que, adem\u00e1s, de provocar un mayor n\u00famero de muertes que otras muchas causas, tambi\u00e9n genera irritabilidad, sofoque, malhumor, incomodidad, y malestar, en sentido general, porque no fluye, no importa la hora de la que se trate?<\/span><\/p>\n<p align=\"justify\"><span style=\"font-size: large;\">Pronto dar\u00e1 inicio un nuevo cuatrienio de gobierno, el que iniciar\u00e1 el 16 de agosto pr\u00f3ximo, y que, a juzgar por el panorama y m\u00faltiples indicadores, recaer\u00e1 nuevamente en el hoy presidente de la Rep\u00fablica, Luis Abinader y su repitente compa\u00f1era de boleta, actual vicepresidenta de la Rep\u00fablica, Raquel Pe\u00f1a.<\/span><\/p>\n<p align=\"justify\"><span style=\"font-size: large;\">Ambos ya estar\u00e1n m\u00e1s \u201cranqueados\u201d en el arte de gobernar el pa\u00eds y, obviamente, que deber\u00e1n enfocar temas sociales para los que en el primer ejercicio no han tenido tiempo suficiente, a pesar de su relevancia, entre ellos, el transporte y el tr\u00e1nsito, con sus causas, secuelas y consecuencias, de manera que comencemos a ponerle fin a esta crisis, ya. \u00a1De una vez y por todas!<\/span><\/p>\n","protected":false},"excerpt":{"rendered":"<p>En agosto del pasado a\u00f1o 2023, el propio presidente de la Rep\u00fablica, Luis Rodolfo Abinader&hellip;<\/p>\n","protected":false},"author":1,"featured_media":63965,"comment_status":"open","ping_status":"open","sticky":false,"template":"","format":"standard","meta":{"footnotes":""},"categories":[55,51,65],"tags":[],"class_list":["post-65038","post","type-post","status-publish","format-standard","has-post-thumbnail","hentry","category-nacionales","category-opinion","category-patricia-arache"],"_links":{"self":[{"href":"https:\/\/eldiarioantillano.com\/uno\/wp-json\/wp\/v2\/posts\/65038","targetHints":{"allow":["GET"]}}],"collection":[{"href":"https:\/\/eldiarioantillano.com\/uno\/wp-json\/wp\/v2\/posts"}],"about":[{"href":"https:\/\/eldiarioantillano.com\/uno\/wp-json\/wp\/v2\/types\/post"}],"author":[{"embeddable":true,"href":"https:\/\/eldiarioantillano.com\/uno\/wp-json\/wp\/v2\/users\/1"}],"replies":[{"embeddable":true,"href":"https:\/\/eldiarioantillano.com\/uno\/wp-json\/wp\/v2\/comments?post=65038"}],"version-history":[{"count":0,"href":"https:\/\/eldiarioantillano.com\/uno\/wp-json\/wp\/v2\/posts\/65038\/revisions"}],"wp:featuredmedia":[{"embeddable":true,"href":"https:\/\/eldiarioantillano.com\/uno\/wp-json\/wp\/v2\/media\/63965"}],"wp:attachment":[{"href":"https:\/\/eldiarioantillano.com\/uno\/wp-json\/wp\/v2\/media?parent=65038"}],"wp:term":[{"taxonomy":"category","embeddable":true,"href":"https:\/\/eldiarioantillano.com\/uno\/wp-json\/wp\/v2\/categories?post=65038"},{"taxonomy":"post_tag","embeddable":true,"href":"https:\/\/eldiarioantillano.com\/uno\/wp-json\/wp\/v2\/tags?post=65038"}],"curies":[{"name":"wp","href":"https:\/\/api.w.org\/{rel}","templated":true}]}}