{"id":64933,"date":"2024-03-09T10:36:34","date_gmt":"2024-03-09T14:36:34","guid":{"rendered":"https:\/\/eldiarioantillano.com\/?p=64933"},"modified":"2024-03-09T10:36:34","modified_gmt":"2024-03-09T14:36:34","slug":"es-lamentable-postergar-esa-necesaria-reforma","status":"publish","type":"post","link":"https:\/\/eldiarioantillano.com\/uno\/2024\/03\/09\/es-lamentable-postergar-esa-necesaria-reforma\/","title":{"rendered":"\u00a1Es lamentable postergar esa necesaria reforma!"},"content":{"rendered":"<div>Jos\u00e9 Horacio Rodriguez es uno de esos j\u00f3venes electos diputados en las elecciones del 2020 -en un ambiente pol\u00edtico envuelto bajo la consigna del\u00a0<i>cambio<\/i>&#8211;\u00a0 y, aunque \u00e9l estaba al margen de la tutor\u00eda de ese eslogan, convoc\u00f3 sobre s\u00ed mismo esperanzadoras expectativas como posible protagonista de la aspiraci\u00f3n que se tiene de los congresistas para que, por lo menos, asuman con m\u00e1s responsabilidad su trabajo, desempe\u00f1en con mayor eficiencia su labor y act\u00faen con mejor comportamiento frente a quienes los eligieron, ante la sociedad y en la pol\u00edtica, que es su quehacer.<\/div>\n<div><\/div>\n<div><\/div>\n<div>Postulado por Alianza Pa\u00eds, y asumido por sectores como parte de lo que debe y tiene que ser el accionar pol\u00edtico, alcanz\u00f3 el cargo tras una laboriosa jornada de j\u00f3venes que durante varios d\u00edas se involucraron en una laboriosa lucha para validar cada uno de los votos conquistados a la acechanza electoral, que, validada por una pervertida pr\u00e1ctica que se presume \u201chabilidad pol\u00edtica\u201d ha tergiversado resultados electorales que casi siempre afectan a quienes se arriesgan a participar postulando como bandera la transparencia del proceso, respetando las reglas del juego y acogi\u00e9ndose a la legalidad.<\/div>\n<div><\/div>\n<div>En su desempe\u00f1o legislativo, Jos\u00e9 Horacio se ha caracterizado por ser consistente en cuanto que los proyectos de leyes que llegan a la c\u00e1mara baja sean sometidos al escrutinio pertinente de quienes tienen esa responsabilidad, de que antes de convertirlos en leyes satisfagan los requisitos legales, que respondan a una necesidad social y contribuyan a la mejor\u00eda institucional del pa\u00eds, para beneficio de la mayor\u00eda de la gente, garantizando la justeza de sus prop\u00f3sitos y respetando los derechos y deberes de los involucrados.<\/div>\n<div><\/div>\n<div>Aunque se distingue su participaci\u00f3n, esa ha sido insuficiente para \u201ccontagiar\u201d a la mayor\u00eda de sus colegas, afectados por otras agendas en las que los intereses partidarios y grupales, la irresponsable inconsecuencia y otras causas han convertido a este congreso, en particular a los diputados, en uno de los m\u00e1s ineficientes, ineficaces e improductivos, desinteresados de los temas de importancia capital para fortalecer la institucionalidad y garantizar derechos, tal el c\u00f3digo penal y las tres causales, la revisi\u00f3n de la ley de seguridad social, entre otros.<\/div>\n<div><\/div>\n<div>Ahora, \u201cal echarse la paloma\u201d, Jos\u00e9 Horacio, en esta ocasi\u00f3n postulado por Opci\u00f3n Democr\u00e1tica y como agenda de un posible nuevo per\u00edodo, plantea un tema peliagudo: reducir en 50 los miembros de la C\u00e1mara de Diputados (190 ahora, resultado de la elecci\u00f3n de uno en representaci\u00f3n de hasta 50 mil habitantes), eliminar las exoneraciones de lujo que reciben y otras canonj\u00edas que los convierten en privilegiados en una sociedad caracterizada por una vergonzante inequidad.<\/div>\n<div><\/div>\n<div>Lograr esas conquistas ahora parece muy dif\u00edcil y plantearlas luce como extempor\u00e1neo, tomando en cuenta la arrogante y c\u00f3moda situaci\u00f3n de privilegios de los posibles afectados, y m\u00e1s que ser\u00edan ellos mismos los que tendr\u00edan que producir ese cambio, a trav\u00e9s de una reforma constitucional que, por ahora, es impracticable; y, si a alguien se le ocurriera, de seguro que la pretender\u00e1 en otras dimensiones que el futuro cercano descarta y la sociedad tiene que limitar.<\/div>\n<div><\/div>\n<div>En ese ambiente, la propuesta de Jos\u00e9 Horacio tendr\u00e1 que aplazarse y m\u00e1s propicio es este tiempo para asumir tareas que comprometan a m\u00e1s candidatos a ser mejores congresistas, que est\u00e9n conscientes de que el desempe\u00f1o del Congreso es una verg\u00fcenza para la institucionalidad, que ya se necesita cambiar.<\/div>\n","protected":false},"excerpt":{"rendered":"<p>Jos\u00e9 Horacio Rodriguez es uno de esos j\u00f3venes electos diputados en las elecciones del 2020&hellip;<\/p>\n","protected":false},"author":1,"featured_media":64816,"comment_status":"open","ping_status":"open","sticky":false,"template":"","format":"standard","meta":{"footnotes":""},"categories":[55,51],"tags":[],"class_list":["post-64933","post","type-post","status-publish","format-standard","has-post-thumbnail","hentry","category-nacionales","category-opinion"],"_links":{"self":[{"href":"https:\/\/eldiarioantillano.com\/uno\/wp-json\/wp\/v2\/posts\/64933","targetHints":{"allow":["GET"]}}],"collection":[{"href":"https:\/\/eldiarioantillano.com\/uno\/wp-json\/wp\/v2\/posts"}],"about":[{"href":"https:\/\/eldiarioantillano.com\/uno\/wp-json\/wp\/v2\/types\/post"}],"author":[{"embeddable":true,"href":"https:\/\/eldiarioantillano.com\/uno\/wp-json\/wp\/v2\/users\/1"}],"replies":[{"embeddable":true,"href":"https:\/\/eldiarioantillano.com\/uno\/wp-json\/wp\/v2\/comments?post=64933"}],"version-history":[{"count":0,"href":"https:\/\/eldiarioantillano.com\/uno\/wp-json\/wp\/v2\/posts\/64933\/revisions"}],"wp:featuredmedia":[{"embeddable":true,"href":"https:\/\/eldiarioantillano.com\/uno\/wp-json\/wp\/v2\/media\/64816"}],"wp:attachment":[{"href":"https:\/\/eldiarioantillano.com\/uno\/wp-json\/wp\/v2\/media?parent=64933"}],"wp:term":[{"taxonomy":"category","embeddable":true,"href":"https:\/\/eldiarioantillano.com\/uno\/wp-json\/wp\/v2\/categories?post=64933"},{"taxonomy":"post_tag","embeddable":true,"href":"https:\/\/eldiarioantillano.com\/uno\/wp-json\/wp\/v2\/tags?post=64933"}],"curies":[{"name":"wp","href":"https:\/\/api.w.org\/{rel}","templated":true}]}}