{"id":64902,"date":"2024-02-05T00:11:28","date_gmt":"2024-02-05T04:11:28","guid":{"rendered":"https:\/\/eldiarioantillano.com\/?p=66062"},"modified":"2024-02-05T00:11:28","modified_gmt":"2024-02-05T04:11:28","slug":"transportemos-el-exito-de-fitur-al-transito-vial","status":"publish","type":"post","link":"https:\/\/eldiarioantillano.com\/uno\/2024\/02\/05\/transportemos-el-exito-de-fitur-al-transito-vial\/","title":{"rendered":"Transportemos el exito de Fitur al tr\u00e1nsito vial"},"content":{"rendered":"<p>Los m\u00e1s de tres mil 600 millones de d\u00f3lares reportados desde Madrid, sede de Fitur, como inversi\u00f3n futura y los acuerdos con tour operadores, agencias de viajes y l\u00edneas a\u00e9reas, apuntalan al pa\u00eds en su oferta tur\u00edstica para seguir convocando a viajeros extranjeros, atra\u00eddos por hoteles, gastronom\u00eda, clima y playas de Rep\u00fablica Dominicana; atractivos que en el reci\u00e9n pasado 2023 visitaron y disfrutaron m\u00e1s de diez millones, cifra r\u00e9cord que se pretende superar en este 2024.<\/p>\n<p>La representaci\u00f3n dominicana, encabezada por el ministro de Turismo, David Collado, y conformada por otros 58 expositores, varias cadenas hoteleras, tres instituciones financieras, destacando tambi\u00e9n una variopinta presencia de medios de comunicaci\u00f3n, <em>influencers<\/em> y comunicadores (nutrida presencia &#8211; m\u00e1s de 130 periodistas y 40\u00a0 medios, seg\u00fan conteo de Jos\u00e9 Rafael Sosa, los que juntos con el stand y sus dimensiones sorprendieron a periodistas y delegados de otros pa\u00edses) son protagonistas de esos n\u00fameros alcanzados.<\/p>\n<p>Esa exitosa conjugaci\u00f3n de esfuerzos y protagonistas puede y debe extender esa disposici\u00f3n, iniciativas, esfuerzos y quehacer para abordar, con el mismo entusiasmo y recursos, una tarea que es de los principales problemas del pa\u00eds, y que afecta tambi\u00e9n la seguridad del turista, su tranquilidad y que trastorna la comodidad de desplazamiento por calles, caminos y carreteras: el transporte y el tr\u00e1nsito vehicular.<\/p>\n<p>Previo al inicio de la feria, en el <em>road show,<\/em> Collado confes\u00f3 que \u201cla seguridad de los turistas es una prioridad, y eso,\u201dla Rep\u00fablica Dominicana se lo toma muy en serio\u201d, por lo que es necesario \u201cocuparnos de los peque\u00f1os detalles\u201d \u2014tal como dijo hacen funcionarios de Turismo cuando ocurre un accidente vial\u2014, y reci\u00e9n han sucedido varios con saldos fatales, imprevistos en los que el ministerio de Turismo puede actuar para corregir y ayudar a reducir esos hechos.<\/p>\n<p>Por el liderazgo que parece tener en medios de comunicaci\u00f3n, entre influencers y comunicadores, el ministro de Turismo (quien asegura no costea viajes de ning\u00fan periodista a ferias internacionales, aunque la comunicadora Claudia P\u00e9rez \u2014La Tora\u2014 dijo estar agradecida por las cuatro invitaciones que \u00e9l le ha hecho a Fitur) y el administrador del Banco de Reservas, uno de los tres bancos presentes, ambos funcionarios tuvieron una muy destacada participaci\u00f3n en esos programas, en los que los entrevistadores y comentaristas se manejaron con una cercan\u00eda, con una familiaridad, desconocidas en los manuales t\u00e9cnicos sobre la materia.<\/p>\n<p>\u201cGajes del oficio\u201d advertidos, esa empat\u00eda es cardinal para que se aborde con disposici\u00f3n y coraje la tarea de superar el desorden mayor que es el tr\u00e1nsito en ciudades, carreteras, calles y caminos, que coloca al pa\u00eds entre los primeros cinco en el mundo con mayor n\u00famero de accidentes viales, de los que resultan m\u00e1s de cinco mil muertes por a\u00f1o, miles de heridos, muchos de estos lesionados para siempre, condici\u00f3n que los inhabilita para desempe\u00f1arse como productivos.<\/p>\n<p>El Banreservas y el Popular, dos de los tres bancos presentes en Fitur 2024, tienen en sus carpetas de negocios financiar la adquisici\u00f3n de veh\u00edculos familiares, y el pasado a\u00f1o prestaron m\u00e1s de 60 mil millones de pesos para ese cap\u00edtulo, volumen que se adicionar\u00e1 al ya muy repleto parque privado de automotores, que seg\u00fan datos es el 42 por ciento en el Gran Santo Domingo, porcentaje que supera a quienes se transportan en autobuses, motoconcho y en el metro.<\/p>\n<p>El ministerio de Turismo, con esa influencia que tiene en esos medios, influencers y comunicadores \u2014quienes pueden difundir campa\u00f1as de educaci\u00f3n vial y concienciaci\u00f3n ciudadana, indispensables en la soluci\u00f3n del tr\u00e1nsito\u2014 pudieran transportar el \u00e9xito de Fitur a los esfuerzos que organismos oficiales y entidades privadas realizan, y as\u00ed ayudan a acercar una necesaria, urgente, segura, c\u00f3moda, eficiente y diversa disponibilidad en el tr\u00e1nsito por calles y carreteras en todo el pa\u00eds, gestionando de mejor manera ese servicio.<\/p>\n","protected":false},"excerpt":{"rendered":"<p>Los m\u00e1s de tres mil 600 millones de d\u00f3lares reportados desde Madrid, sede de Fitur,&hellip;<\/p>\n","protected":false},"author":1,"featured_media":64816,"comment_status":"open","ping_status":"open","sticky":false,"template":"","format":"standard","meta":{"footnotes":""},"categories":[58,55,51],"tags":[],"class_list":["post-64902","post","type-post","status-publish","format-standard","has-post-thumbnail","hentry","category-alfonso-fonchi-tejeda","category-nacionales","category-opinion"],"_links":{"self":[{"href":"https:\/\/eldiarioantillano.com\/uno\/wp-json\/wp\/v2\/posts\/64902","targetHints":{"allow":["GET"]}}],"collection":[{"href":"https:\/\/eldiarioantillano.com\/uno\/wp-json\/wp\/v2\/posts"}],"about":[{"href":"https:\/\/eldiarioantillano.com\/uno\/wp-json\/wp\/v2\/types\/post"}],"author":[{"embeddable":true,"href":"https:\/\/eldiarioantillano.com\/uno\/wp-json\/wp\/v2\/users\/1"}],"replies":[{"embeddable":true,"href":"https:\/\/eldiarioantillano.com\/uno\/wp-json\/wp\/v2\/comments?post=64902"}],"version-history":[{"count":0,"href":"https:\/\/eldiarioantillano.com\/uno\/wp-json\/wp\/v2\/posts\/64902\/revisions"}],"wp:featuredmedia":[{"embeddable":true,"href":"https:\/\/eldiarioantillano.com\/uno\/wp-json\/wp\/v2\/media\/64816"}],"wp:attachment":[{"href":"https:\/\/eldiarioantillano.com\/uno\/wp-json\/wp\/v2\/media?parent=64902"}],"wp:term":[{"taxonomy":"category","embeddable":true,"href":"https:\/\/eldiarioantillano.com\/uno\/wp-json\/wp\/v2\/categories?post=64902"},{"taxonomy":"post_tag","embeddable":true,"href":"https:\/\/eldiarioantillano.com\/uno\/wp-json\/wp\/v2\/tags?post=64902"}],"curies":[{"name":"wp","href":"https:\/\/api.w.org\/{rel}","templated":true}]}}