{"id":64894,"date":"2024-02-06T01:10:23","date_gmt":"2024-02-06T05:10:23","guid":{"rendered":"https:\/\/eldiarioantillano.com\/?p=66078"},"modified":"2024-02-06T01:10:23","modified_gmt":"2024-02-06T05:10:23","slug":"frente-amplio-oficializa-candidatura-de-kelvin-cruz-en-ayuntamiento-de-la-vega","status":"publish","type":"post","link":"https:\/\/eldiarioantillano.com\/uno\/2024\/02\/06\/frente-amplio-oficializa-candidatura-de-kelvin-cruz-en-ayuntamiento-de-la-vega\/","title":{"rendered":"Frente Amplio oficializa candidatura de Kelvin Cruz en ayuntamiento de La Vega"},"content":{"rendered":"<p>ART\u00cdCULO INVITADO<\/p>\n<p>El partido Frente Amplio oficializ\u00f3 la candidatura de Kelvin Cruz para el Ayuntamiento de La Vega. La presentaci\u00f3n se llev\u00f3 a cabo este domingo 4 de febrero, donde Cruz afirm\u00f3 su compromiso de trabajar en beneficio de la comunidad vegana.<\/p>\n<p>\u00abDesde que anunci\u00e9 mis aspiraciones, he contado con el respaldo del Frente Amplio y de Custodio en la construcci\u00f3n de propuestas para centrar nuestra gesti\u00f3n municipal en la gente\u00bb, declar\u00f3 Cruz.<\/p>\n<p>Kelvin Cruz es un pol\u00edtico y empresario con experiencia en la funci\u00f3n p\u00fablica. Adem\u00e1s, cuenta con una maestr\u00eda en Ordenamiento Territorial y Urbanismo, as\u00ed como en Liderazgo para la Gesti\u00f3n P\u00fablica. Tambi\u00e9n particip\u00f3 en el Programa Ejecutivo para Alcaldes Latinoamericanos en Gesti\u00f3n y Comunicaci\u00f3n de Gobierno, organizado por el Banco de Desarrollo de Am\u00e9rica Latina.<\/p>\n<p>La candidatura de Cruz ser\u00e1 acompa\u00f1ada por Amparo Custodio, vicealcaldesa actual y dirigente de la Asociaci\u00f3n Dominicana de Profesores (ADP).<\/p>\n<p>Esta propuesta municipal cuenta con el respaldo de 21 partidos pol\u00edticos y 16 movimientos dentro de la demarcaci\u00f3n.<\/p>\n<p>La profesora Mar\u00eda Teresa Cabrera, candidata presidencial del Frente Amplio y expresidenta de la ADP, estuvo presente en el acto de proclamaci\u00f3n.<\/p>\n<p>Cabrera elogi\u00f3 la gesti\u00f3n municipal de Cruz y Custodio desde el a\u00f1o 2016, destacando su compromiso con el presupuesto participativo y los programas de gesti\u00f3n centrados en las necesidades de los mun\u00edcipes.<\/p>\n<p>Reproducido de acento.com.do<\/p>\n","protected":false},"excerpt":{"rendered":"<p>ART\u00cdCULO INVITADO El partido Frente Amplio oficializ\u00f3 la candidatura de Kelvin Cruz para el Ayuntamiento&hellip;<\/p>\n","protected":false},"author":1,"featured_media":64896,"comment_status":"open","ping_status":"open","sticky":false,"template":"","format":"standard","meta":{"footnotes":""},"categories":[55],"tags":[56],"class_list":["post-64894","post","type-post","status-publish","format-standard","has-post-thumbnail","hentry","category-nacionales","tag-frente-amplio"],"_links":{"self":[{"href":"https:\/\/eldiarioantillano.com\/uno\/wp-json\/wp\/v2\/posts\/64894","targetHints":{"allow":["GET"]}}],"collection":[{"href":"https:\/\/eldiarioantillano.com\/uno\/wp-json\/wp\/v2\/posts"}],"about":[{"href":"https:\/\/eldiarioantillano.com\/uno\/wp-json\/wp\/v2\/types\/post"}],"author":[{"embeddable":true,"href":"https:\/\/eldiarioantillano.com\/uno\/wp-json\/wp\/v2\/users\/1"}],"replies":[{"embeddable":true,"href":"https:\/\/eldiarioantillano.com\/uno\/wp-json\/wp\/v2\/comments?post=64894"}],"version-history":[{"count":0,"href":"https:\/\/eldiarioantillano.com\/uno\/wp-json\/wp\/v2\/posts\/64894\/revisions"}],"wp:featuredmedia":[{"embeddable":true,"href":"https:\/\/eldiarioantillano.com\/uno\/wp-json\/wp\/v2\/media\/64896"}],"wp:attachment":[{"href":"https:\/\/eldiarioantillano.com\/uno\/wp-json\/wp\/v2\/media?parent=64894"}],"wp:term":[{"taxonomy":"category","embeddable":true,"href":"https:\/\/eldiarioantillano.com\/uno\/wp-json\/wp\/v2\/categories?post=64894"},{"taxonomy":"post_tag","embeddable":true,"href":"https:\/\/eldiarioantillano.com\/uno\/wp-json\/wp\/v2\/tags?post=64894"}],"curies":[{"name":"wp","href":"https:\/\/api.w.org\/{rel}","templated":true}]}}