{"id":64822,"date":"2024-02-21T01:34:45","date_gmt":"2024-02-21T05:34:45","guid":{"rendered":"https:\/\/eldiarioantillano.com\/?p=66316"},"modified":"2024-02-21T01:34:45","modified_gmt":"2024-02-21T05:34:45","slug":"meteorologia-pronostica-aguaceros-sobre-noroeste-y-cibao-pide-estar-en-alerta","status":"publish","type":"post","link":"https:\/\/eldiarioantillano.com\/uno\/2024\/02\/21\/meteorologia-pronostica-aguaceros-sobre-noroeste-y-cibao-pide-estar-en-alerta\/","title":{"rendered":"Meteorolog\u00eda pronostica aguaceros sobre Noroeste y Cibao; pide estar en alerta"},"content":{"rendered":"<p><strong>Martes 20\u00a0<\/strong><strong>de febrero de 2024 a las 6:00 p.m. V\u00e1lido hasta el jueves 22 de febrero de 2024 a las 6:00 p.m.<\/strong><\/p>\n<p><strong>\u00a0<\/strong><\/p>\n<p><strong>NUBLADOS ESTA NOCHE, CON AGUACEROS, TRONADAS Y R\u00c1FAGAS DE VIENTO EN ALGUNAS LOCALIDADES POR SISTEMA FRONTAL\u2026 VARIAS PROVINCIAS EN AVISO Y ALERTA METEOROL\u00d3GICA<\/strong><\/p>\n<p>A partir de esta noche y en horas de la madrugada, un sistema frontal ubicado en la porci\u00f3n occidental de la isla, estar\u00e1 provocando nublados acompa\u00f1ados de aguaceros fuertes localmente, tronadas aisladas y r\u00e1fagas de viento fuertes en ocasiones sobre provincias de las regiones: noroeste, norte, noreste, la Cordillera Central y la zona fronteriza.\u00a0 Especialmente hacia: Montecristi, Santiago Rodr\u00edguez, Dajab\u00f3n, Valverde, El\u00edas Pi\u00f1a, San Crist\u00f3bal, Santiago, La Vega, Puerto Plata, Espaillat, Hermanas Mirabal, Mar\u00eda Trinidad S\u00e1nchez, Duarte y S\u00e1nchez Ram\u00edrez.<\/p>\n<p>Ma\u00f1ana mi\u00e9rcoles, el sistema frontal estar\u00e1 movi\u00e9ndose sobre nuestro territorio, generando nublados desde horas de la madrugada hasta el final de la tarde, con aguaceros moderados a fuertes, tormentas el\u00e9ctricas y r\u00e1fagas de viento muy fuertes localmente, especialmente sobre localidades de las vertientes: norte, noreste, la llanura oriental, la cordillera Central y el litoral costeo Caribe\u00f1o.\u00a0 Principalmente sobre las provincias de: Monte Cristi, Santiago Rodr\u00edguez, Puerto Plata, Espaillat, Mar\u00eda Trinidad S\u00e1nchez, Duarte, Saman\u00e1, S\u00e1nchez Ram\u00edrez, San Jos\u00e9 de Ocoa, Barahona, La Vega, Monse\u00f1or Nouel, Monte Plata, Peravia, San Crist\u00f3bal, el Gran Santo Domingo, Hato Mayor, El Seibo y La Altagracia.<\/p>\n<p>&nbsp;<\/p>\n<p>Debido al incremento de las precipitaciones para las pr\u00f3ximas 24 a 36 horas, la Oficina Nacional de Meteorolog\u00eda (ONAMET), aumenta los niveles de\u00a0<strong>ALERTA<\/strong>\u00a0a\u00a0<strong>AVISO<\/strong>\u00a0meteorol\u00f3gico en varias provincias, antes posibles crecidas de r\u00edos, arroyos y ca\u00f1adas, as\u00ed como inundaciones urbanas. Ver tabla:<\/p>\n<table width=\"737\">\n<tbody>\n<tr>\n<td colspan=\"4\" width=\"737\"><strong>NIVELES DE ALERTAS Y AVISOS METEOROL\u00d3GICOS<\/strong><\/td>\n<\/tr>\n<tr>\n<td colspan=\"2\" width=\"321\"><strong>ALERTAS<\/strong><\/td>\n<td width=\"198\"><strong>AVISOS<\/strong><\/td>\n<td width=\"217\"><strong>DESCONTINUADAS<\/strong><\/td>\n<\/tr>\n<tr>\n<td width=\"170\"><strong>Valverde<\/strong><\/td>\n<td width=\"151\"><strong>Santiago<\/strong><\/td>\n<td width=\"198\"><strong>Monte Cristi<\/strong><\/td>\n<td width=\"217\"><strong>\u00a0<\/strong><\/td>\n<\/tr>\n<tr>\n<td width=\"170\"><strong>Duarte<\/strong><\/td>\n<td width=\"151\"><strong>\u00a0<\/strong><\/td>\n<td width=\"198\"><strong>Puerto Plata<\/strong><\/td>\n<td width=\"217\"><strong>\u00a0<\/strong><\/td>\n<\/tr>\n<tr>\n<td width=\"170\"><strong>Santiago Rodr\u00edguez<\/strong><\/td>\n<td width=\"151\"><strong>\u00a0<\/strong><\/td>\n<td width=\"198\"><strong>Espaillat<\/strong><\/td>\n<td width=\"217\"><strong>\u00a0<\/strong><\/td>\n<\/tr>\n<tr>\n<td width=\"170\"><strong>La Vega<\/strong><\/td>\n<td width=\"151\"><strong>\u00a0<\/strong><\/td>\n<td width=\"198\"><strong>Hermanas Mirabal<\/strong><\/td>\n<td width=\"217\"><strong>\u00a0<\/strong><\/td>\n<\/tr>\n<tr>\n<td width=\"170\"><strong>Dajab\u00f3n<\/strong><\/td>\n<td width=\"151\"><strong>\u00a0<\/strong><\/td>\n<td width=\"198\"><strong>Mar\u00eda Trinidad S\u00e1nchez<\/strong><\/td>\n<td width=\"217\"><strong>\u00a0<\/strong><\/td>\n<\/tr>\n<tr>\n<td width=\"170\"><strong>TOTAL: 6<\/strong><\/td>\n<td width=\"151\"><strong>\u00a0<\/strong><\/td>\n<td width=\"198\"><strong>TOTAL: 5<\/strong><\/td>\n<td width=\"217\"><strong>TOTAL: 0<\/strong><\/td>\n<\/tr>\n<\/tbody>\n<\/table>\n<p><strong>\u00a0<\/strong><\/p>\n<p><strong>Las temperaturas ser\u00e1n m\u00e1s agradables esta noche y la madrugada, en especial en \u00e1reas de monta\u00f1as y valles del interior, donde no se descartan episodios de nieblas o neblinas.<\/strong><\/p>\n<p><strong>\u00a0<\/strong><\/p>\n<p><strong>Distrito Nacional:\u00a0<\/strong>nubes aisladas a medio nublado en ocasiones.<\/p>\n<p><strong>Santo Domingo Este:\u00a0<\/strong>nubes aisladas a medio nublado en la madrugada.<\/p>\n<p><strong>Santo Domingo Norte:<\/strong>\u00a0nubosidad aislada con aumentos nubosos ocasionales.<\/p>\n<p><strong>Santo Domingo Oeste<\/strong>: nubes aisladas siendo medio nublado en ocasiones.<\/p>\n<p><strong>El Gran Santo Domingo:<\/strong>\u00a0<strong>temperatura m\u00ednima entre\u00a018 \u00b0C y 20\u202f\u00b0C\u00a0y la m\u00e1xima entre\u00a028\u202f\u00b0C y 30 \u00b0C.<\/strong><\/p>\n<p>&nbsp;<\/p>\n<p><strong>Resumen: nublados, esta noche, con aguaceros, tronadas y r\u00e1fagas de viento sobre algunas provincias del norte del pa\u00eds debido a un sistema frontal. Se elevan varias provincias a AVISO meteorol\u00f3gico. Temperaturas agradables.<\/strong><\/p>\n<p>&nbsp;<\/p>\n<p>El jueves, el sistema frontal se estar\u00e1 ubicando al este de Puerto Rico alej\u00e1ndose de nuestra \u00e1rea y dar\u00e1 paso a una atm\u00f3sfera de reducida humedad, que limitar\u00e1 la ocurrencia de lluvias sobre nuestro territorio.\u00a0 No obstante, los efectos del viento moderado, la orograf\u00eda local y la presencia de una vaguada al suroeste de la isla, podr\u00edan ocasionar algunas lluvias aisladas y r\u00e1fagas de viento muy fuertes en zonas monta\u00f1osas, de la regi\u00f3n suroeste, el litoral costero del Atl\u00e1ntico y la Cordillera Central.\u00a0 As\u00ed tambi\u00e9n, se esperar\u00e1n incrementos del oleaje en la costa Atl\u00e1ntica.<\/p>\n<p><strong>Santo Domingo y sus municipios:\u00a0<\/strong>nubes aisladas a medio nublado en ocasiones y r\u00e1fagas de viento.<\/p>\n<p><strong>Distrito Nacional:<\/strong>\u00a0nubes aisladas a medio nublado en ocasiones con r\u00e1fagas de viento ocasionales.<\/p>\n<p>&nbsp;<\/p>\n<table width=\"99%\">\n<tbody>\n<tr>\n<td width=\"19%\"><strong>PROVINCIAS<\/strong><\/td>\n<td width=\"57%\"><strong>PRON\u00d3STICO POR LOCALIDADES<\/strong><\/td>\n<td width=\"11%\"><strong>T. M\u00e1x. \u00b0C<\/strong><\/td>\n<td width=\"11%\"><strong>T. Min.\u00b0C<\/strong><\/td>\n<\/tr>\n<tr>\n<td width=\"19%\"><strong>Santiago<\/strong><\/td>\n<td width=\"57%\">Nublados con aguaceros, tronadas aisladas y r\u00e1fagas de viento.<\/td>\n<td width=\"11%\"><strong>30\/32<\/strong><\/td>\n<td width=\"11%\"><strong>20\/22<\/strong><\/td>\n<\/tr>\n<tr>\n<td width=\"19%\"><strong>Puerto\u00a0Plata<\/strong><\/td>\n<td width=\"57%\">Nublados esta noche con aguaceros, tronadas aisladas y r\u00e1fagas de viento.<\/td>\n<td width=\"11%\"><strong>31\/32<\/strong><\/td>\n<td width=\"11%\"><strong>19\/21<\/strong><\/td>\n<\/tr>\n<tr>\n<td width=\"19%\"><strong>Duarte<\/strong><\/td>\n<td width=\"57%\">Nublados desde esta noche con aguaceros, tronadas aisladas y r\u00e1fagas de viento.<\/td>\n<td width=\"11%\"><strong>29\/31<\/strong><\/td>\n<td width=\"11%\"><strong>19\/21<\/strong><\/td>\n<\/tr>\n<tr>\n<td width=\"19%\"><strong>Constanza<\/strong><\/td>\n<td width=\"57%\">Mayormente nublado con aguaceros, tronadas aisladas y r\u00e1fagas de viento.<\/td>\n<td width=\"11%\"><strong>23\/26<\/strong><\/td>\n<td width=\"11%\"><strong>9\/13<\/strong><\/td>\n<\/tr>\n<tr>\n<td width=\"19%\"><strong>Peravia<\/strong><\/td>\n<td width=\"57%\">Nubes aisladas a medio nublado en ocasiones.<\/td>\n<td width=\"11%\"><strong>30\/32<\/strong><\/td>\n<td width=\"11%\"><strong>19\/21<\/strong><\/td>\n<\/tr>\n<tr>\n<td width=\"19%\"><strong>San P. de Macor\u00eds<\/strong><\/td>\n<td width=\"57%\">Nubes aisladas.<\/td>\n<td width=\"11%\"><strong>30\/32<\/strong><\/td>\n<td width=\"11%\"><strong>20\/22<\/strong><\/td>\n<\/tr>\n<tr>\n<td width=\"19%\"><strong>La Romana<\/strong><\/td>\n<td width=\"57%\">Nubosidad aislada.<\/td>\n<td width=\"11%\"><strong>30\/32<\/strong><\/td>\n<td width=\"11%\"><strong>20\/22<\/strong><\/td>\n<\/tr>\n<tr>\n<td width=\"19%\"><strong>La Vega<\/strong><\/td>\n<td width=\"57%\">Nublados con aguaceros, tronadas aisladas y r\u00e1fagas de viento.<\/td>\n<td width=\"11%\"><strong>30\/32<\/strong><\/td>\n<td width=\"11%\"><strong>18\/21<\/strong><\/td>\n<\/tr>\n<tr>\n<td width=\"19%\"><strong>Monse\u00f1or Nouel<\/strong><\/td>\n<td width=\"57%\">Nublados con aguaceros, tronadas aisladas y r\u00e1fagas de viento.<\/td>\n<td width=\"11%\"><strong>29\/31<\/strong><\/td>\n<td width=\"11%\"><strong>18\/21<\/strong><\/td>\n<\/tr>\n<tr>\n<td width=\"19%\"><strong>San Crist\u00f3bal<\/strong><\/td>\n<td width=\"57%\">Medio nublado a nublado.<\/td>\n<td width=\"11%\"><strong>29\/31<\/strong><\/td>\n<td width=\"11%\"><strong>19\/21<\/strong><\/td>\n<\/tr>\n<tr>\n<td width=\"19%\"><strong>Saman\u00e1<\/strong><\/td>\n<td width=\"57%\">Medio nublado a nublado.<\/td>\n<td width=\"11%\"><strong>30\/32<\/strong><\/td>\n<td width=\"11%\"><strong>20\/22<\/strong><\/td>\n<\/tr>\n<tr>\n<td width=\"19%\"><strong>Montecristi<\/strong><\/td>\n<td width=\"57%\">Nublado con aguaceros, tronadas aisladas y r\u00e1fagas de viento.<\/td>\n<td width=\"11%\"><strong>31\/33<\/strong><\/td>\n<td width=\"11%\"><strong>20\/22<\/strong><\/td>\n<\/tr>\n<tr>\n<td width=\"19%\"><strong>Azua<\/strong><\/td>\n<td width=\"57%\">Nubes aisladas.<\/td>\n<td width=\"11%\"><strong>30\/32<\/strong><\/td>\n<td width=\"11%\"><strong>18\/21<\/strong><\/td>\n<\/tr>\n<tr>\n<td width=\"19%\"><strong>San Juan<\/strong><\/td>\n<td width=\"57%\">Medio nublado a nublado con aguaceros, tronadas aisladas y r\u00e1fagas de viento.<\/td>\n<td width=\"11%\"><strong>31\/33<\/strong><\/td>\n<td width=\"11%\"><strong>15\/19<\/strong><\/td>\n<\/tr>\n<tr>\n<td width=\"19%\"><strong>Barahona<\/strong><\/td>\n<td width=\"57%\">Nubes aisladas a medio nublado en ocasiones.<\/td>\n<td width=\"11%\"><strong>31\/33<\/strong><\/td>\n<td width=\"11%\"><strong>20\/22<\/strong><\/td>\n<\/tr>\n<tr>\n<td width=\"19%\"><strong>La Altagracia<\/strong><\/td>\n<td width=\"57%\">Nubes aisladas.<\/td>\n<td width=\"11%\"><strong>30\/32<\/strong><\/td>\n<td width=\"11%\"><strong>21\/23<\/strong><\/td>\n<\/tr>\n<\/tbody>\n<\/table>\n<p><strong>Meteor\u00f3logos: Claudio Amparo \/ Karinna Soto.<\/strong><\/p>\n","protected":false},"excerpt":{"rendered":"<p>Martes 20\u00a0de febrero de 2024 a las 6:00 p.m. V\u00e1lido hasta el jueves 22 de&hellip;<\/p>\n","protected":false},"author":1,"featured_media":64823,"comment_status":"open","ping_status":"open","sticky":false,"template":"","format":"standard","meta":{"footnotes":""},"categories":[55],"tags":[],"class_list":["post-64822","post","type-post","status-publish","format-standard","has-post-thumbnail","hentry","category-nacionales"],"_links":{"self":[{"href":"https:\/\/eldiarioantillano.com\/uno\/wp-json\/wp\/v2\/posts\/64822","targetHints":{"allow":["GET"]}}],"collection":[{"href":"https:\/\/eldiarioantillano.com\/uno\/wp-json\/wp\/v2\/posts"}],"about":[{"href":"https:\/\/eldiarioantillano.com\/uno\/wp-json\/wp\/v2\/types\/post"}],"author":[{"embeddable":true,"href":"https:\/\/eldiarioantillano.com\/uno\/wp-json\/wp\/v2\/users\/1"}],"replies":[{"embeddable":true,"href":"https:\/\/eldiarioantillano.com\/uno\/wp-json\/wp\/v2\/comments?post=64822"}],"version-history":[{"count":0,"href":"https:\/\/eldiarioantillano.com\/uno\/wp-json\/wp\/v2\/posts\/64822\/revisions"}],"wp:featuredmedia":[{"embeddable":true,"href":"https:\/\/eldiarioantillano.com\/uno\/wp-json\/wp\/v2\/media\/64823"}],"wp:attachment":[{"href":"https:\/\/eldiarioantillano.com\/uno\/wp-json\/wp\/v2\/media?parent=64822"}],"wp:term":[{"taxonomy":"category","embeddable":true,"href":"https:\/\/eldiarioantillano.com\/uno\/wp-json\/wp\/v2\/categories?post=64822"},{"taxonomy":"post_tag","embeddable":true,"href":"https:\/\/eldiarioantillano.com\/uno\/wp-json\/wp\/v2\/tags?post=64822"}],"curies":[{"name":"wp","href":"https:\/\/api.w.org\/{rel}","templated":true}]}}