{"id":64799,"date":"2024-02-25T01:02:43","date_gmt":"2024-02-25T05:02:43","guid":{"rendered":"https:\/\/eldiarioantillano.com\/?p=66353"},"modified":"2024-02-25T01:02:43","modified_gmt":"2024-02-25T05:02:43","slug":"con-motivo-del-208-aniversario-del-nacimiento-de-ramon-matias-mella-publicamos-este-articulo-invitado","status":"publish","type":"post","link":"https:\/\/eldiarioantillano.com\/uno\/2024\/02\/25\/con-motivo-del-208-aniversario-del-nacimiento-de-ramon-matias-mella-publicamos-este-articulo-invitado\/","title":{"rendered":"En el 208 aniversario de Mella publicamos su \u00abManual de guerra de guerrillas\u00bb"},"content":{"rendered":"<p>Con motivo del 208 aniversario del nacimiento de Ram\u00f3n Mat\u00edas Mella publicamos el siguiente art\u00edculo invitado:<\/p>\n<p><strong>Santo Domingo.- <\/strong>\u00a0Tras cumplir un papel protag\u00f3nico en la declaraci\u00f3n de Independencia que tuvo lugar la noche del 27 de febrero de 1844, Mat\u00edas Ram\u00f3n Mella realiz\u00f3 diversas funciones civiles y militares designado por Pedro Santana, pero ante la Anexi\u00f3n a Espa\u00f1a en 1861 Mella se adhiri\u00f3 a los restauradores.<\/p>\n<p>Al conmemorarse el Bicentenario del nacimiento del pr\u00f3cer dominicano, el historiador Jos\u00e9 Antinoe Fiallo Billini explic\u00f3 que \u00abMella dilucid\u00f3 por los cargos que desempe\u00f1aba, pero cuando se produce la Anexi\u00f3n a Espa\u00f1a se produce una definici\u00f3n clara departe de \u00e9l a favor de la Guerra de la Restauraci\u00f3n\u00bb.<\/p>\n<p>\u00abEl patriota pas\u00f3 a ocupar una de las m\u00e1s importantes funciones en la direcci\u00f3n de la guerra y le corresponde \u00e9l elaborar el \u00abManual de la guerra de guerrilla\u00bb para enfrentar el poder espa\u00f1ol y naturalmente a la herencia pol\u00edtica de Santana\u00bb, manifest\u00f3 Fiallo Billini.<\/p>\n<p>Mella demostr\u00f3 que realmente era conocedor de los asuntos militares cuando se inicia la Guerra Restauradora\u00a0y a este movimiento se incorpor\u00f3 confi\u00e1ndosele importantes misiones.<\/p>\n<p>\u00abEste Padre de la Patria atraves\u00f3 por un proceso muy complejo y luch\u00f3 dando una muestra de que con sus propias experiencias pod\u00eda elaborar una visi\u00f3n de una guerra de guerrillas, combinando elementos pol\u00edticos y militares\u00bb, argument\u00f3 el historiador.<\/p>\n<p>Fiallo Billini asegura que aunque Mella no logr\u00f3 ver finalizada su obra debido a su fallecimiento, este valiente patriota dej\u00f3 como legado el referido manual de la guerra donde enfoca aspectos pol\u00edticos de c\u00f3mo obtener una victoria utilizando una serie de recursos sencillos.<\/p>\n<p>Durante la restauraci\u00f3n fue designado Ministro de la Guerra y elabor\u00f3 un manual de guerra de guerrillas\u00a0en enero de 1864.<\/p>\n<p><strong>Por su importancia y transcendencia te presentamos de forma \u00edntegra el \u00abManual de la guerra de guerrillas:<\/strong><\/p>\n<p>\u201c1.- En la lucha actual y en las operaciones militares emprendidas, se necesita usar de la mayor prudencia, observando siempre con la mayor precauci\u00f3n y astucia para no dejarse sorprender, igualando as\u00ed la superioridad del enemigo en n\u00famero, disciplina y recursos.<\/p>\n<p>2.- Nuestras operaciones deber\u00e1n limitarse a no arriesgar jam\u00e1s un encuentro general, ni exponer tampoco a la fortuna caprichosa de un combate la suerte de la Rep\u00fablica; tirar pronto, mucho y bien, hostilizar al enemigo d\u00eda y noche, y cortarles el agua cada vez que se pueda, son puntos cardinales, que deben tenerse presentes como el Credo.<\/p>\n<p>3.- Agobiarlo con guerrillas ambulantes, racionadas por dos, tres o m\u00e1s d\u00edas, que tengan unidad de acci\u00f3n a su frente, por su flanco y a retaguardia, no dej\u00e1ndoles descansar ni de d\u00eda ni de noche, para que no sean due\u00f1os m\u00e1s que del terreno que pisan, no dej\u00e1ndolos jam\u00e1s sorprender ni envolver por mangas, y sorprendi\u00e9ndolos siempre que se pueda, son reglas de las que jam\u00e1s deber\u00e1 Ud. apartarse.<\/p>\n<p>4.- Nuestra tropa deber\u00e1, siempre que pueda, pelear abrigada por los montes y por el terreno y hacer uso del arma blanca, toda vez que vea la seguridad de abrirle al enemigo un boquete para meterse dentro y acabar con \u00e9l; no deberemos por ning\u00fan concepto presentarle un frente por peque\u00f1o que sea, en raz\u00f3n de que, siendo las tropas espa\u00f1olas disciplinadas y generalmente superiores en n\u00famero, cada vez que se trate de que la victoria dependa de evoluciones militares, nos llevar\u00edan la ventaja y ser\u00edamos derrotados.<\/p>\n<p>5.- No debemos nunca dejarnos sorprender y sorprenderlos siempre que se pueda y aunque sea a un solo hombre.<\/p>\n<p>6.- No dejarlo dormir ni de d\u00eda ni de noche, para que las enfermedades hagan en ellos m\u00e1s estragos que nuestras armas; este servicio lo deben hacer s\u00f3lo los peque\u00f1os grupos de los nuestros, y que el resto descanse y duerma.<\/p>\n<p>7.- Si el enemigo repliega, aver\u00edg\u00fcese bien, si es una retirada falsa, que es una estratagema muy com\u00fan en la guerra; si no lo es, s\u00edgasele en la retirada y destaquen en guerrillas ambulantes que le hostilicen por todos lados; si avanzan h\u00e1gaseles caer en emboscadas y acrib\u00edllese a todo trance con guerrillas, como se ha dicho arriba, en una palabra, h\u00e1gasele a todo trance y en toda extensi\u00f3n de la palabra, la guerra de manigua y de un enemigo invisible.<\/p>\n<p>8.- Cumplidas estas reglas con escrupulosidad, mientras m\u00e1s se separe el enemigo de su base de operaciones, peor ser\u00e1 para \u00e9l; y si intentase internarse en el pa\u00eds, m\u00e1s perdido estar\u00e1.<\/p>\n<p>9.- Organice Ud. dondequiera que est\u00e9 situado, un servicio lo m\u00e1s eficaz y activo posible de espionaje, para saber horas del d\u00eda y de la noche el estado, la situaci\u00f3n, la fuerza, los movimientos e intenciones del enemigo.\u201d<\/p>\n","protected":false},"excerpt":{"rendered":"<p>Con motivo del 208 aniversario del nacimiento de Ram\u00f3n Mat\u00edas Mella publicamos el siguiente art\u00edculo&hellip;<\/p>\n","protected":false},"author":1,"featured_media":64800,"comment_status":"open","ping_status":"open","sticky":false,"template":"","format":"standard","meta":{"footnotes":""},"categories":[55],"tags":[],"class_list":["post-64799","post","type-post","status-publish","format-standard","has-post-thumbnail","hentry","category-nacionales"],"_links":{"self":[{"href":"https:\/\/eldiarioantillano.com\/uno\/wp-json\/wp\/v2\/posts\/64799","targetHints":{"allow":["GET"]}}],"collection":[{"href":"https:\/\/eldiarioantillano.com\/uno\/wp-json\/wp\/v2\/posts"}],"about":[{"href":"https:\/\/eldiarioantillano.com\/uno\/wp-json\/wp\/v2\/types\/post"}],"author":[{"embeddable":true,"href":"https:\/\/eldiarioantillano.com\/uno\/wp-json\/wp\/v2\/users\/1"}],"replies":[{"embeddable":true,"href":"https:\/\/eldiarioantillano.com\/uno\/wp-json\/wp\/v2\/comments?post=64799"}],"version-history":[{"count":0,"href":"https:\/\/eldiarioantillano.com\/uno\/wp-json\/wp\/v2\/posts\/64799\/revisions"}],"wp:featuredmedia":[{"embeddable":true,"href":"https:\/\/eldiarioantillano.com\/uno\/wp-json\/wp\/v2\/media\/64800"}],"wp:attachment":[{"href":"https:\/\/eldiarioantillano.com\/uno\/wp-json\/wp\/v2\/media?parent=64799"}],"wp:term":[{"taxonomy":"category","embeddable":true,"href":"https:\/\/eldiarioantillano.com\/uno\/wp-json\/wp\/v2\/categories?post=64799"},{"taxonomy":"post_tag","embeddable":true,"href":"https:\/\/eldiarioantillano.com\/uno\/wp-json\/wp\/v2\/tags?post=64799"}],"curies":[{"name":"wp","href":"https:\/\/api.w.org\/{rel}","templated":true}]}}