{"id":64791,"date":"2024-02-26T01:41:35","date_gmt":"2024-02-26T05:41:35","guid":{"rendered":"https:\/\/eldiarioantillano.com\/?p=66365"},"modified":"2024-02-26T01:41:35","modified_gmt":"2024-02-26T05:41:35","slug":"las-carceles-del-trujillismo-una-mirada-a-los-asesinatos","status":"publish","type":"post","link":"https:\/\/eldiarioantillano.com\/uno\/2024\/02\/26\/las-carceles-del-trujillismo-una-mirada-a-los-asesinatos\/","title":{"rendered":"Las c\u00e1rceles del trujillismo: Una mirada a los asesinatos"},"content":{"rendered":"<p>ART\u00cdCULO INVITADO<\/p>\n<p>En las c\u00e1rceles del trujillismo, los opositores pol\u00edticos pertenecientes a distintos partidos y organizaciones (14 de Junio, Movimiento Popular Dominicano, Uni\u00f3n de Grupos Revolucionarios Independientes -UGRI-, entre otros) se enfrentaron a condiciones inhumanas y abusos constantes por parte de los esbirros del\u00a0Servicio de Inteligencia Militar, dirigidos personalmente por\u00a0Johnny Abbes Garc\u00eda.<\/p>\n<p>Entre las v\u00edctimas de estos cr\u00edmenes cometidos por la dictadura de Trujillo aparecen hombres valientes que lucharon hasta sus \u00faltimos suspiros por la libertad del pueblo dominicano. Sus nombres y martirologios, aunque a menudo son olvidados o silenciados, merecen ser recordados como s\u00edmbolos de resistencia ante el oprobio. Si bien es imposible presentar todos los nombres, existen suficientes constancias y testimonios para conocer de algunos de ellos, y en esos, reconocer c\u00f3mo fueron esos duros momentos en las c\u00e1rceles trujillistas para la mayor\u00eda del resto.<\/p>\n<p>En una carta enviada al entonces presidente Balaguer, el 28 de diciembre de 1961, documentada en el libro de\u00a0Tony Raful\u00a0Movimiento 14 de Junio, Historia y Documentos, la Agrupaci\u00f3n Pol\u00edtica 14 de Junio informaba que: \u201cPorfirio G\u00f3mez, Wenceslao Guill\u00e9n, Manuel Ram\u00f3n Liriano (Chino), Pedro Jaime Tineo, Henri Streese Cepeda, V\u00edctor Gonz\u00e1lez Pardi<img fetchpriority=\"high\" decoding=\"async\" class=\"size-medium wp-image-66371 alignleft\" src=\"https:\/\/eldiarioantillano.com\/uno\/wp-content\/uploads\/2024\/02\/7_El-Pais_24_1dfdp09-260x300.jpg\" alt=\"\" width=\"260\" height=\"300\" \/>, y que formaban un total de 27, fueron llevados a la oficina, en La 40, y se les hizo firmar unas cartas en las cuales daban las gracias por \u00abhaber sido puestos en libertad\u00bb, pero luego fueron ahorcados unos, electrocutados otros, etc., en fecha 27 de enero de 1960. Jos\u00e9 Ram\u00f3n Osorio (Monguito): ahorcado el 25 de enero de 1960. Tambi\u00e9n fueron vistos muertos, sin haber podido establecer la fecha: Napole\u00f3n S\u00e1nchez Cabreja, Jorge Khoury, Guarino Jimini\u00e1n, Pedro Mont\u00e1s, Domingo Russo, Francisco Manuel Gonz\u00e1lez (Manolito), Samuel Dinzey Torres, Luis Ram\u00f3n Pe\u00f1a (Papilin), Julio C\u00e9sar Encarnaci\u00f3n Casado, Denzil y Rafael Castro Portorreal, Gilberto y Pedro Fuentes; Eugenio Perdomo: ahorcado por un tal Palma; Jos\u00e9 Espert\u00edn Oliva (Mach\u00f3n), quien fue ultimado a balazos cuando, despu\u00e9s de haber sido horriblemente torturado, trat\u00f3 de saltar una pared de La 40 completamente desnudo, en un intento de fuga. Rafael Noble: muri\u00f3 el 21 de enero de 1960 a manos del teniente Lugo, de la Polic\u00eda, y el oficinista Amador, de seguridad\u201d.<\/p>\n<p>Entre los mencionados en la referida misiva, destacan los fot\u00f3grafos de La 40, hermanos Fuentes Berg, as\u00ed como los miembros de lo que popularmente se conocen como Los panfleteros de Santiago, quienes perecieron, seg\u00fan el historiador Roberto Cass\u00e1, durante la sangrienta noche del 28 de enero cuando \u201cse reiter\u00f3 la org\u00eda criminal con el mayor n\u00famero de ejecuciones\u201d. Entre los santiagueros del 1J4, uno de los casos m\u00e1s notables es el de Eugenio Perdomo, tal como lo relat\u00f3 el Ing. Leandro Guzm\u00e1n en su libro De espigas y fuego, en el que se detalla el juego macabro que orquest\u00f3 Abbes Garc\u00eda, quien coloc\u00f3 a la v\u00edctima en una silla el\u00e9ctrica con un lazo asfixiante, el cual deb\u00eda ser jalado por un periodista al que le increparon \u201ccomo este te quer\u00eda joder a ti, te toca a ti joderlo a \u00e9l\u201d. Aunque en un primer momento, el periodista se resisti\u00f3 a ejecutar la orden, este sigui\u00f3 apretando al conjuro de las perversas exhortaciones de los torturadores, hasta que \u201cPerdomo cay\u00f3 al fin en los estertores de la agon\u00eda, hasta que sus pulmones y su coraz\u00f3n se paralizaron\u201d.<\/p>\n<p>Otro caso emblem\u00e1tico narrado por Leandro Guzm\u00e1n es el del reputado galeno Manuel Tejada Florentino, quien fue ejecutado tras elaborar un an\u00e1lisis sobre la situaci\u00f3n nacional y ponderar la inminente ca\u00edda del r\u00e9gimen de Trujillo ante los ojos de Rafael Faxas Canto -Pipe-, quien cont\u00f3 c\u00f3mo fue ahorcado en su presencia, sentado y atado a la silla el\u00e9ctrica, durante el interrogatorio dirigido por \u201cTunti\u201d S\u00e1nchez, a pesar de que Tejada hab\u00eda advertido \u201cen su condici\u00f3n de cardi\u00f3logo, que su coraz\u00f3n no resistir\u00eda las descargas\u201d el\u00e9ctricas. De igual forma, en su relato se se\u00f1ala c\u00f3mo \u201cunas horas despu\u00e9s del estrangulamiento de Perdomo, asesinaron a \u00c1ngel Russo. Un hombre decente, un militante que ten\u00eda antecedentes antitrujillistas de larga data. El s\u00e1trapa hab\u00eda ordenado la muerte de todo aquel que tuviere expediente subversivo y aquello se cumpl\u00eda al pie de la letra\u201d.<\/p>\n<p>Asimismo, el asesinato de\u00a0Manuel Gonz\u00e1lez Franco -Manolito-, quien fuera torturado hasta la locura, tal como se recoge en el libro de Roberto Cass\u00e1 sobre los or\u00edgenes del 14 de Junio, se debi\u00f3 a que era \u201cun veterano de prisiones desde su involucramiento en la Juventud Revolucionaria en Santiago\u201d. Adem\u00e1s de estas figuras conocidas en la lucha antitrujillista, en su mayor\u00eda fueron asesinadas personas an\u00f3nimas y gente com\u00fan del pueblo. Por ejemplo, las muertes de los seminaristas Luis Ram\u00f3n Pe\u00f1a -Papilin\u2013 y Mariano Rafael Garc\u00eda Cepeda -Marien-, integrantes del movimiento catorcista por v\u00eda de Acci\u00f3n Clero Cultural, contra quienes la dictadura se ensa\u00f1\u00f3 por sus or\u00edgenes y condici\u00f3n social tras la lectura de la carta pastoral, cuyas consecuencias veremos la pr\u00f3xima semana en la siguiente entrega de esta serie.<\/p>\n<p><em>Dr. Amaurys P\u00e9rez, Soci\u00f3logo e historiador UASD\/PUCMM<\/em><\/p>\n<p>Reproducido de hoy.com.do<\/p>\n","protected":false},"excerpt":{"rendered":"<p>ART\u00cdCULO INVITADO En las c\u00e1rceles del trujillismo, los opositores pol\u00edticos pertenecientes a distintos partidos y&hellip;<\/p>\n","protected":false},"author":1,"featured_media":64793,"comment_status":"open","ping_status":"open","sticky":false,"template":"","format":"standard","meta":{"footnotes":""},"categories":[55],"tags":[],"class_list":["post-64791","post","type-post","status-publish","format-standard","has-post-thumbnail","hentry","category-nacionales"],"_links":{"self":[{"href":"https:\/\/eldiarioantillano.com\/uno\/wp-json\/wp\/v2\/posts\/64791","targetHints":{"allow":["GET"]}}],"collection":[{"href":"https:\/\/eldiarioantillano.com\/uno\/wp-json\/wp\/v2\/posts"}],"about":[{"href":"https:\/\/eldiarioantillano.com\/uno\/wp-json\/wp\/v2\/types\/post"}],"author":[{"embeddable":true,"href":"https:\/\/eldiarioantillano.com\/uno\/wp-json\/wp\/v2\/users\/1"}],"replies":[{"embeddable":true,"href":"https:\/\/eldiarioantillano.com\/uno\/wp-json\/wp\/v2\/comments?post=64791"}],"version-history":[{"count":0,"href":"https:\/\/eldiarioantillano.com\/uno\/wp-json\/wp\/v2\/posts\/64791\/revisions"}],"wp:featuredmedia":[{"embeddable":true,"href":"https:\/\/eldiarioantillano.com\/uno\/wp-json\/wp\/v2\/media\/64793"}],"wp:attachment":[{"href":"https:\/\/eldiarioantillano.com\/uno\/wp-json\/wp\/v2\/media?parent=64791"}],"wp:term":[{"taxonomy":"category","embeddable":true,"href":"https:\/\/eldiarioantillano.com\/uno\/wp-json\/wp\/v2\/categories?post=64791"},{"taxonomy":"post_tag","embeddable":true,"href":"https:\/\/eldiarioantillano.com\/uno\/wp-json\/wp\/v2\/tags?post=64791"}],"curies":[{"name":"wp","href":"https:\/\/api.w.org\/{rel}","templated":true}]}}