{"id":64778,"date":"2024-02-28T00:37:20","date_gmt":"2024-02-28T04:37:20","guid":{"rendered":"https:\/\/eldiarioantillano.com\/?p=66395"},"modified":"2024-02-28T00:37:20","modified_gmt":"2024-02-28T04:37:20","slug":"violencia-en-rd","status":"publish","type":"post","link":"https:\/\/eldiarioantillano.com\/uno\/2024\/02\/28\/violencia-en-rd\/","title":{"rendered":"Violencia en RD"},"content":{"rendered":"<p>La violencia en Rep\u00fablica Dominicana no se detiene, pese a informes oficiales de que disminuyeron los homicidios en enero, sin contar con el subregistro por las consabidas deficiencias en los reportes estad\u00edsticos y el encubrimiento en muchos casos de muertes \u201caccidentales\u201d. Investigaciones epidemiol\u00f3gicas, antropol\u00f3gicas, neurobiol\u00f3gicas y psiqui\u00e1tricas han demostrado que la violencia es multifactorial, donde existe un predominio de las bases ambientales y gen\u00e9ticas.<\/p>\n<p>Los feminicidios, muertes por encargo, explotaci\u00f3n laboral en menores y adultos, la discriminaci\u00f3n de distintos colores, el crecimiento porcentual de \u201cni\u00f1os de las calles\u201d, las exclusiones sociales\u2026 \u201cSiguen su agitado curso\u201d.<\/p>\n<p>El reputado psiquiatra alem\u00e1n Kurt Schneider, calific\u00f3 a los homicidas como desalmados antisociales, sujetos que carecen de compasi\u00f3n, verg\u00fcenza, sentido del honor, remordimiento y conciencia moral\u2026\u201d.<br \/>\nY precisaba el acad\u00e9mico de Heidelberg, que \u201clos desalmados criminales no deber\u00edan hacernos olvidar que tambi\u00e9n existen los desalmados sociales, de naturaleza dura\u2026 que caminan sobre cad\u00e1veres\u201d, sobre todo en el submundo del sicariato. En la violencia antisocial est\u00e1n involucrados, adem\u00e1s de los genes, el stress emocional, pobreza, inequidad, desigualdad, promiscuidad, drogas, abuso infantil y desintegraci\u00f3n de la familia, lo que no han disminuido en nuestro pa\u00eds.<\/p>\n<p>Debe precisarse que la proclividad puramente neuroconductual puede no conducir a conductas reprobables y muchos individuos con alteraciones cerebrales no cometen actos delictuales. En el caso dominicano, vemos un incremento de la violencia antisocial, donde confluyen el robo y el homicidio, cometidos por \u201cdesalmados\u201d, a los que describ\u00eda Schnider como de \u201cnaturalezas duras\u2026\u201d.<\/p>\n<p>Los asesinatos que se produjeron en el pa\u00eds, la mayor\u00eda de las v\u00edctimas, 1.446, fueron hombres. Se trata de muertes violentas no relacionadas con \u201cnaturaleza dura\u201d, como le llamaba Schnider, o muertes en situaciones violentas en las que est\u00e1n involucrados tanto el agresor como la v\u00edctima.<\/p>\n<p>Es innegable que las deplorables condiciones econ\u00f3mico-sociales y de perversi\u00f3n pol\u00edtica, en interacci\u00f3n con los factores gen\u00e9ticos, dan las resultantes de la violencia que padecemos en nuestro pa\u00eds.<\/p>\n<p>Este sistema capitalista dependiente y atrasado, por dem\u00e1s neoliberal, que violenta el derecho de las mayor\u00edas, mientras privilegia a una minor\u00eda, favorece la violencia antisocial y el crimen de todos los colores.<\/p>\n<p>Ese fen\u00f3meno multifactorial tambi\u00e9n va dejando un saldo preocupante de muertes, donde se escenifican asaltos a mano armada, ejecuciones extrajudiciales, violaciones sexuales, feminicidios y mucho m\u00e1s.<\/p>\n<p>Todos esos males son generados por un \u201ccapitalismo salvaje\u201d, que reproduce hambre, desigualdad y modelos culturales basados en el ego\u00edsmo, venta y consumo de drogas, raterismo de todo tipo e insalubridad mental.<\/p>\n<p>El desorden se profundiza al ritmo en que el sistema pol\u00edtico, social y econ\u00f3mico se resquebraja, acompa\u00f1ado de corrupci\u00f3n, con su secuela de exclusi\u00f3n, marginalidad, explotaci\u00f3n, desempleo y violencia.<\/p>\n<p>El escenario electoral es muestra de brutalidad, pugnas est\u00e9riles, enfrentamiento entre grupos econ\u00f3micos, sociales y pol\u00edticos por controlar los poderes en que se sustenta un sistema que no resiste m\u00e1s remiendos.<\/p>\n<p>No hay ninguna duda, la crisis es estructural; el crimen afecta a la sociedad en todas sus dimensiones: g\u00e9neros, clases sociales, provocando cifras elevadas de muertes al a\u00f1o, angustia y dolor en los ciudadanos.<\/p>\n","protected":false},"excerpt":{"rendered":"<p>La violencia en Rep\u00fablica Dominicana no se detiene, pese a informes oficiales de que disminuyeron&hellip;<\/p>\n","protected":false},"author":1,"featured_media":64779,"comment_status":"open","ping_status":"open","sticky":false,"template":"","format":"standard","meta":{"footnotes":""},"categories":[54,55,51],"tags":[],"class_list":["post-64778","post","type-post","status-publish","format-standard","has-post-thumbnail","hentry","category-anulfo-mateo","category-nacionales","category-opinion"],"_links":{"self":[{"href":"https:\/\/eldiarioantillano.com\/uno\/wp-json\/wp\/v2\/posts\/64778","targetHints":{"allow":["GET"]}}],"collection":[{"href":"https:\/\/eldiarioantillano.com\/uno\/wp-json\/wp\/v2\/posts"}],"about":[{"href":"https:\/\/eldiarioantillano.com\/uno\/wp-json\/wp\/v2\/types\/post"}],"author":[{"embeddable":true,"href":"https:\/\/eldiarioantillano.com\/uno\/wp-json\/wp\/v2\/users\/1"}],"replies":[{"embeddable":true,"href":"https:\/\/eldiarioantillano.com\/uno\/wp-json\/wp\/v2\/comments?post=64778"}],"version-history":[{"count":0,"href":"https:\/\/eldiarioantillano.com\/uno\/wp-json\/wp\/v2\/posts\/64778\/revisions"}],"wp:featuredmedia":[{"embeddable":true,"href":"https:\/\/eldiarioantillano.com\/uno\/wp-json\/wp\/v2\/media\/64779"}],"wp:attachment":[{"href":"https:\/\/eldiarioantillano.com\/uno\/wp-json\/wp\/v2\/media?parent=64778"}],"wp:term":[{"taxonomy":"category","embeddable":true,"href":"https:\/\/eldiarioantillano.com\/uno\/wp-json\/wp\/v2\/categories?post=64778"},{"taxonomy":"post_tag","embeddable":true,"href":"https:\/\/eldiarioantillano.com\/uno\/wp-json\/wp\/v2\/tags?post=64778"}],"curies":[{"name":"wp","href":"https:\/\/api.w.org\/{rel}","templated":true}]}}