{"id":64777,"date":"2024-02-28T00:39:47","date_gmt":"2024-02-28T04:39:47","guid":{"rendered":"https:\/\/eldiarioantillano.com\/?p=66398"},"modified":"2024-02-28T00:39:47","modified_gmt":"2024-02-28T04:39:47","slug":"meteorologia-pronostica-lluvias-hacia-costa-norte-y-la-cordillera-central","status":"publish","type":"post","link":"https:\/\/eldiarioantillano.com\/uno\/2024\/02\/28\/meteorologia-pronostica-lluvias-hacia-costa-norte-y-la-cordillera-central\/","title":{"rendered":"Meteorolog\u00eda pronostica lluvias hacia costa norte y la cordillera Central"},"content":{"rendered":"<p><strong>Martes 27\u00a0<\/strong><strong>de febrero de 2024 a las 6:00 p.m. V\u00e1lido hasta el jueves 29 de febrero de 2024 a las 6:00 p.m.<\/strong><\/p>\n<p><strong>NUBOSIDAD ASOCIADA AL SISTEMA FRONTAL CONTIN\u00daA GENERANDO LLUVIAS DISPERSAS\u2026\u00a0<\/strong><strong>AVISO Y ALERTA METEOROL\u00d3GICA EN 13 PROVINCIAS\u2026 RECOMENDACIONES MAR\u00cdTIMAS EN LA COSTA ATL\u00c1NTICA<\/strong><\/p>\n<p>Incrementos nubosos durante las pasadas horas estuvieron generando aguaceros moderados, en ocasiones con tronadas aisladas y r\u00e1fagas de viento sobre distintas localidades de las regiones noreste, sureste, norte y la Cordillera Central. Dichas lluvias prevemos que seguir\u00e1n presentes en horas de la noche y la madrugada de este mi\u00e9rcoles en diferentes provincias de las regiones anteriormente mencionadas, tales como; El Gran Santo Domingo, incluyendo el Distrito Nacional, San Crist\u00f3bal, La Altagracia, Monte Plata, Hato Mayor, El Seibo, San Pedro de Macor\u00eds y La Romana, entre otras, debido a que todav\u00eda gran parte de la nubosidad asociada al sistema frontal permanece incidiendo sobre la isla, adem\u00e1s de humedad provocada por el viento de direcci\u00f3n noreste. <strong>T<\/strong><strong>emperaturas frescas y agradables debido a la \u00e9poca del a\u00f1o y al viento h\u00famedo predom\u00ednate de direcci\u00f3n noreste, principalmente en zonas de monta\u00f1as.<\/strong><\/p>\n<p><strong>Ma\u00f1ana mi\u00e9rcoles;\u00a0<\/strong>las condiciones meteorol\u00f3gicas continuar\u00e1n dominadas por el viento h\u00famedo de direcci\u00f3n noreste combinado con los remanentes del frente fr\u00edo ya disipado. En consecuencia, prevemos que sigan llegando a distintas regiones de la geograf\u00eda nacional ocasionales incrementos nubosos acompa\u00f1ados de precipitaciones de diferentes intensidades, tormentas el\u00e9ctricas y r\u00e1fagas de viento, principalmente durante la tarde y primeras horas de la noche sobre el noreste, noroeste, sureste, norte, la Cordillera Central e incluso algunos sectores de la zona fronteriza.<\/p>\n<p>Debido a las precipitaciones ca\u00eddas y las pronosticas para las pr\u00f3ximas 24 a 48 horas, mantenemos los niveles de\u00a0<strong>ALERTA y AVISO<\/strong>\u00a0meteorol\u00f3gicos para 13 provincias, tal como indica la siguiente tabla, ante posibles crecidas de r\u00edos, arroyos, ca\u00f1adas, as\u00ed como, inundaciones urbanas y posibles deslizamientos de tierra:<\/p>\n<table width=\"718\">\n<tbody>\n<tr>\n<td colspan=\"3\" width=\"718\"><strong>NIVELES DE ALERTA Y AVISO METEOROL\u00d3GICOS<\/strong><\/td>\n<\/tr>\n<tr>\n<td width=\"236\"><strong>ALERTA<\/strong><\/td>\n<td width=\"265\"><strong>AVISO<\/strong><\/td>\n<td width=\"218\"><strong>DISCONTINUADAS<\/strong><\/td>\n<\/tr>\n<tr>\n<td width=\"236\"><strong>Santiago<\/strong><\/td>\n<td width=\"265\"><strong>Puerto Plata<\/strong><\/td>\n<td width=\"218\"><strong>\u00a0<\/strong><\/td>\n<\/tr>\n<tr>\n<td width=\"236\"><strong>Duarte<\/strong><\/td>\n<td width=\"265\"><strong>Espaillat<\/strong><\/td>\n<td width=\"218\"><strong>\u00a0<\/strong><\/td>\n<\/tr>\n<tr>\n<td width=\"236\"><strong>S\u00e1nchez Ram\u00edrez<\/strong><\/td>\n<td width=\"265\"><strong>Hermanas Mirabal<\/strong><\/td>\n<td width=\"218\"><strong>\u00a0<\/strong><\/td>\n<\/tr>\n<tr>\n<td width=\"236\"><strong>Monte Plata<\/strong><\/td>\n<td width=\"265\"><strong>Mar\u00eda Trinidad S\u00e1nchez<\/strong><\/td>\n<td width=\"218\"><strong>\u00a0<\/strong><\/td>\n<\/tr>\n<tr>\n<td width=\"236\"><strong>La Vega<\/strong><\/td>\n<td width=\"265\"><strong>Monse\u00f1or Nouel<\/strong><\/td>\n<td width=\"218\"><strong>\u00a0<\/strong><\/td>\n<\/tr>\n<tr>\n<td width=\"236\"><strong>San Crist\u00f3bal<\/strong><\/td>\n<td width=\"265\"><strong>Saman\u00e1<\/strong><\/td>\n<td width=\"218\"><strong>\u00a0<\/strong><\/td>\n<\/tr>\n<tr>\n<td width=\"236\"><strong>Gran Santo Domingo y Distrito Nacional<\/strong><\/td>\n<td width=\"265\"><strong>\u00a0<\/strong><\/td>\n<td width=\"218\"><strong>\u00a0<\/strong><\/td>\n<\/tr>\n<tr>\n<td width=\"236\"><strong>TOTAL: 7<\/strong><\/td>\n<td width=\"265\"><strong>TOTAL: 6<\/strong><\/td>\n<td width=\"218\"><strong>TOTAL: 0<\/strong><\/td>\n<\/tr>\n<\/tbody>\n<\/table>\n<p><strong>Distrito Nacional:\u00a0<\/strong>medio nublado a nublado en ocasiones con aguaceros localmente moderados, posibles tronadas y r\u00e1fagas de viento.<\/p>\n<p><strong>Santo Domingo Este:\u00a0<\/strong>incrementos nubosos generadores de aguaceros localmente moderados, posibles tronadas y r\u00e1fagas de viento.<\/p>\n<p><strong>Santo Domingo Norte:<\/strong> medio nublado a nublado, en ocasiones con aguaceros moderados localmente, posibles tronadas y r\u00e1fagas de viento.<\/p>\n<p><strong>Santo Domingo Oeste<\/strong>: incrementos nubosos generadores de aguaceros localmente moderados, posibles tronadas y r\u00e1fagas de viento.<\/p>\n<p><strong>El Gran Santo Domingo:<\/strong>\u00a0<strong>temperatura m\u00ednima entre\u00a018 \u00b0C y 20\u202f\u00b0C\u00a0y la m\u00e1xima entre\u00a029\u202f\u00b0C y 31 \u00b0C.<\/strong><\/p>\n<p><strong>Resumen:\u00a0<\/strong>Nubosidad asociada al sistema frontal y humedad que aporta el viento h\u00famedo del noreste contin\u00faan incidiendo sobre el territorio nacional generando precipitaciones de diferentes intensidades con tronadas aisladas y r\u00e1fagas de viento en diferentes provincias de las regiones: noreste, sureste, Cordillera Central, el norte y la zona fronteriza\u2026 Temperaturas agradables, torn\u00e1ndose frescas durante la noche, la madrugada, principalmente en zona de monta\u00f1a\u2026 Recomendamos navegar pr\u00f3ximo al per\u00edmetro costero del atl\u00e1ntico debido a olas y viento anormal mar adentro.<\/p>\n<p><strong>El jueves,\u00a0<\/strong>prevemos una reducci\u00f3n de las precipitaciones significativas. No obstante, seguir\u00e1n ocurriendo ocasionales incremento de la nubosidad generadores de lluvias dispersas producto del arrastre del viento de noreste, principalmente en diferentes localidades del litoral costero Atl\u00e1ntico, el noreste, la Cordillera Central, el sureste y algunos poblados fronterizos.<\/p>\n<p><strong>Santo Domingo y sus municipios: medio\u00a0<\/strong>nublado en ocasiones. Aguaceros dispersos, posibles tronadas y aisladas r\u00e1fagas de viento en la tarde.<\/p>\n<p><strong>Distrito Nacional:<\/strong>\u00a0medio nublado a nublado en ocasiones con aguaceros dispersos, posibles tronadas y r\u00e1fagas de viento en la tarde.<\/p>\n<table width=\"99%\">\n<tbody>\n<tr>\n<td width=\"19%\"><strong>PROVINCIAS<\/strong><\/td>\n<td width=\"57%\"><strong>PRON\u00d3STICO POR LOCALIDADES<\/strong><\/td>\n<td width=\"11%\"><strong>T. M\u00e1x. \u00b0C<\/strong><\/td>\n<td width=\"11%\"><strong>T. Min.\u00b0C<\/strong><\/td>\n<\/tr>\n<tr>\n<td width=\"19%\"><strong>Santiago<\/strong><\/td>\n<td width=\"57%\">Medio nublado a nublado con aguaceros dispersos, tronadas aisladas y r\u00e1fagas de viento.<\/td>\n<td width=\"11%\"><strong>27\/29<\/strong><\/td>\n<td width=\"11%\"><strong>16\/19<\/strong><\/td>\n<\/tr>\n<tr>\n<td width=\"19%\"><strong>Puerto\u00a0Plata<\/strong><\/td>\n<td width=\"57%\">Nublado con aguaceros localmente moderados a fuertes en ocasiones, tronadas y r\u00e1fagas de viento.<\/td>\n<td width=\"11%\"><strong>26\/28<\/strong><\/td>\n<td width=\"11%\"><strong>17\/19<\/strong><\/td>\n<\/tr>\n<tr>\n<td width=\"19%\"><strong>Duarte<\/strong><\/td>\n<td width=\"57%\">Nublado con aguaceros moderados, posibles tronadas y r\u00e1fagas de viento.<\/td>\n<td width=\"11%\"><strong>27\/29<\/strong><\/td>\n<td width=\"11%\"><strong>18\/20<\/strong><\/td>\n<\/tr>\n<tr>\n<td width=\"19%\"><strong>Constanza<\/strong><\/td>\n<td width=\"57%\">Nublados con aguaceros, con posibles tronadas y r\u00e1fagas de viento.<\/td>\n<td width=\"11%\"><strong>23\/25<\/strong><\/td>\n<td width=\"11%\"><strong>8\/10<\/strong><\/td>\n<\/tr>\n<tr>\n<td width=\"19%\"><strong>Peravia<\/strong><\/td>\n<td width=\"57%\">Nublado en la tarde con aguaceros dispersos, aisladas tronadas y r\u00e1fagas de viento.<\/td>\n<td width=\"11%\"><strong>29\/31<\/strong><\/td>\n<td width=\"11%\"><strong>19\/21<\/strong><\/td>\n<\/tr>\n<tr>\n<td width=\"19%\"><strong>San P. de Macor\u00eds<\/strong><\/td>\n<td width=\"57%\">Nublado con aguaceros moderados en ocasiones, aisladas tronadas y r\u00e1fagas de viento.<\/td>\n<td width=\"11%\"><strong>28\/30<\/strong><\/td>\n<td width=\"11%\"><strong>18\/20<\/strong><\/td>\n<\/tr>\n<tr>\n<td width=\"19%\"><strong>La Romana<\/strong><\/td>\n<td width=\"57%\">Incrementos nubosos con aguaceros locales, posibles tronadas y r\u00e1fagas de viento.<\/td>\n<td width=\"11%\"><strong>28\/30<\/strong><\/td>\n<td width=\"11%\"><strong>17\/19<\/strong><\/td>\n<\/tr>\n<tr>\n<td width=\"19%\"><strong>La Vega<\/strong><\/td>\n<td width=\"57%\">Nublados en ocasiones. Aguaceros moderados a fuertes con tronadas aisladas y r\u00e1fagas de viento.<\/td>\n<td width=\"11%\"><strong>23\/25<\/strong><\/td>\n<td width=\"11%\"><strong>14\/18<\/strong><\/td>\n<\/tr>\n<tr>\n<td width=\"19%\"><strong>Monse\u00f1or Nouel<\/strong><\/td>\n<td width=\"57%\">Incrementos nubosos con aguaceros moderados a fuertes, tronadas aisladas y r\u00e1fagas.<\/td>\n<td width=\"11%\"><strong>23\/25<\/strong><\/td>\n<td width=\"11%\"><strong>18\/20<\/strong><\/td>\n<\/tr>\n<tr>\n<td width=\"19%\"><strong>San Crist\u00f3bal<\/strong><\/td>\n<td width=\"57%\">Medio nublado a nublado en ocasiones. Aguaceros dispersos, tronadas aisladas y r\u00e1fagas de viento.<\/td>\n<td width=\"11%\"><strong>29\/31<\/strong><\/td>\n<td width=\"11%\"><strong>18\/20<\/strong><\/td>\n<\/tr>\n<tr>\n<td width=\"19%\"><strong>Saman\u00e1<\/strong><\/td>\n<td width=\"57%\">Nublado con aguaceros localmente moderados a fuertes en ocasiones, tronadas y r\u00e1fagas de viento.<\/td>\n<td width=\"11%\"><strong>25\/27<\/strong><\/td>\n<td width=\"11%\"><strong>16\/19<\/strong><\/td>\n<\/tr>\n<tr>\n<td width=\"19%\"><strong>Montecristi<\/strong><\/td>\n<td width=\"57%\">Incrementos nubosos con aguaceros locales, posibles tronadas y r\u00e1fagas de viento.<\/td>\n<td width=\"11%\"><strong>29\/31<\/strong><\/td>\n<td width=\"11%\"><strong>18\/20<\/strong><\/td>\n<\/tr>\n<tr>\n<td width=\"19%\"><strong>Azua<\/strong><\/td>\n<td width=\"57%\">Incrementos nubosos con aguaceros locales, posibles tronadas y r\u00e1fagas de viento.<\/td>\n<td width=\"11%\"><strong>28\/30<\/strong><\/td>\n<td width=\"11%\"><strong>16\/19<\/strong><\/td>\n<\/tr>\n<tr>\n<td width=\"19%\"><strong>San Juan<\/strong><\/td>\n<td width=\"57%\">Incrementos nubosos con aguaceros locales, posibles tronadas y r\u00e1fagas de viento.<\/td>\n<td width=\"11%\"><strong>28\/30<\/strong><\/td>\n<td width=\"11%\"><strong>16\/18<\/strong><\/td>\n<\/tr>\n<tr>\n<td width=\"19%\"><strong>Barahona<\/strong><\/td>\n<td width=\"57%\">Incrementos nubosos con aguaceros locales, posibles tronadas y r\u00e1fagas de viento.<\/td>\n<td width=\"11%\"><strong>28\/30<\/strong><\/td>\n<td width=\"11%\"><strong>18\/21<\/strong><\/td>\n<\/tr>\n<tr>\n<td width=\"19%\"><strong>La Altagracia<\/strong><\/td>\n<td width=\"57%\">Medio nublado a nublado en ocasiones. Aguaceros dispersos, tronadas aisladas y r\u00e1fagas de viento.<\/td>\n<td width=\"11%\"><strong>28\/30<\/strong><\/td>\n<td width=\"11%\"><strong>19\/21<\/strong><\/td>\n<\/tr>\n<\/tbody>\n<\/table>\n<p><strong>Meteor\u00f3logos: <\/strong>Heriberto Fabi\u00e1n \/ Caridad Hern\u00e1ndez.<\/p>\n","protected":false},"excerpt":{"rendered":"<p>Martes 27\u00a0de febrero de 2024 a las 6:00 p.m. V\u00e1lido hasta el jueves 29 de&hellip;<\/p>\n","protected":false},"author":1,"featured_media":64250,"comment_status":"open","ping_status":"open","sticky":false,"template":"","format":"standard","meta":{"footnotes":""},"categories":[55],"tags":[],"class_list":["post-64777","post","type-post","status-publish","format-standard","has-post-thumbnail","hentry","category-nacionales"],"_links":{"self":[{"href":"https:\/\/eldiarioantillano.com\/uno\/wp-json\/wp\/v2\/posts\/64777","targetHints":{"allow":["GET"]}}],"collection":[{"href":"https:\/\/eldiarioantillano.com\/uno\/wp-json\/wp\/v2\/posts"}],"about":[{"href":"https:\/\/eldiarioantillano.com\/uno\/wp-json\/wp\/v2\/types\/post"}],"author":[{"embeddable":true,"href":"https:\/\/eldiarioantillano.com\/uno\/wp-json\/wp\/v2\/users\/1"}],"replies":[{"embeddable":true,"href":"https:\/\/eldiarioantillano.com\/uno\/wp-json\/wp\/v2\/comments?post=64777"}],"version-history":[{"count":0,"href":"https:\/\/eldiarioantillano.com\/uno\/wp-json\/wp\/v2\/posts\/64777\/revisions"}],"wp:featuredmedia":[{"embeddable":true,"href":"https:\/\/eldiarioantillano.com\/uno\/wp-json\/wp\/v2\/media\/64250"}],"wp:attachment":[{"href":"https:\/\/eldiarioantillano.com\/uno\/wp-json\/wp\/v2\/media?parent=64777"}],"wp:term":[{"taxonomy":"category","embeddable":true,"href":"https:\/\/eldiarioantillano.com\/uno\/wp-json\/wp\/v2\/categories?post=64777"},{"taxonomy":"post_tag","embeddable":true,"href":"https:\/\/eldiarioantillano.com\/uno\/wp-json\/wp\/v2\/tags?post=64777"}],"curies":[{"name":"wp","href":"https:\/\/api.w.org\/{rel}","templated":true}]}}