{"id":64729,"date":"2024-03-02T00:45:20","date_gmt":"2024-03-02T04:45:20","guid":{"rendered":"https:\/\/eldiarioantillano.com\/?p=66447"},"modified":"2024-03-02T00:45:20","modified_gmt":"2024-03-02T04:45:20","slug":"lula-da-silva-advierte-no-permanecere-en-silencio-ante-el-genocidio","status":"publish","type":"post","link":"https:\/\/eldiarioantillano.com\/uno\/2024\/03\/02\/lula-da-silva-advierte-no-permanecere-en-silencio-ante-el-genocidio\/","title":{"rendered":"Lula da Silva advierte: \u00abNo permanecer\u00e9 en silencio ante el genocidio\u00bb"},"content":{"rendered":"<p>28 de febrero de 2024 (EIRNS)\u2014\u00a1En una entrevista muy extensa ayer con\u00a0<a id=\"m_5358539236035069978OWAf528177e-4cd3-939a-810b-de44ae09f74f\" href=\"https:\/\/draft.blogger.com\/blog\/post\/edit\/5657601379090931958\/6824562648533356694#\" target=\"_blank\" rel=\"noopener\" data-saferedirecturl=\"https:\/\/www.google.com\/url?q=https:\/\/draft.blogger.com\/blog\/post\/edit\/5657601379090931958\/6824562648533356694%23&amp;source=gmail&amp;ust=1709440720955000&amp;usg=AOvVaw0b4rryU6R9kWDSn8zuBroJ\">RedeTV!\u00a0<\/a>El presidente brasile\u00f1o Lula da Silva entr\u00f3 en detalles sobre sus comentarios del 18 de febrero en la cumbre de la Uni\u00f3n Africana en Etiop\u00eda, en los que compar\u00f3 las acciones de Israel contra los palestinos en Gaza con el maltrato de Adolf Hitler a los jud\u00edos. Al se\u00f1alar que los comentarios de Lula tuvieron \u201cenormes repercusiones\u201d, el entrevistador Kennedy Alencar observ\u00f3 que el Primer Ministro Benjam\u00edn Netanyahu hab\u00eda exigido una retractaci\u00f3n y pregunt\u00f3 a Lula si, si pudiera retroceder en el tiempo, habr\u00eda dicho las cosas de otra manera.<\/p>\n<p>Lula respondi\u00f3: \u201cYo dir\u00eda lo mismo, porque eso es exactamente lo que est\u00e1 sucediendo en la Franja de Gaza. La gente no puede ser tan hip\u00f3crita como para pensar que una muerte es diferente de otra. En Gaza no hay un ej\u00e9rcito altamente entrenado luchando contra otro altamente entrenado. De hecho, lo que tenemos es una guerra de un ej\u00e9rcito altamente entrenado contra mujeres y ni\u00f1os. De 6.000 heridos tienes 30.000 muertos\u2026. \u00bfCu\u00e1ntos muertos de Ham\u00e1s se han descubierto?\u201d<\/p>\n<p>Lula explic\u00f3 que nunca utiliz\u00f3 la palabra \u201cHolocausto\u201d en sus declaraciones ante la UA en Addis Abeba. Esa fue la interpretaci\u00f3n de Netanyahu, cuando acus\u00f3 a Lula de \u201ctrivializar el Holocausto\u201d. Tambi\u00e9n record\u00f3 a su entrevistador que Brasil fue el primer pa\u00eds en condenar el ataque terrorista de Hamas el 7 de octubre. \u201cEl primer pa\u00eds, pero no puedo condenar la acci\u00f3n terrorista de Hamas y luego ver al Estado de Israel cometer la misma barbaridad contra inocentes a trav\u00e9s de su ej\u00e9rcito y su Primer Ministro\u201d. Es decir, dijo, \u201c\u00bfqu\u00e9 estamos pidiendo?\u201d. Que cesen los disparos, que entren alimentos, medicinas, m\u00e9dicos y enfermeras; establecer un corredor humanitario.<\/p>\n<p>Lula continu\u00f3: \u201cMire, nunca esper\u00e9 que el gobierno de Israel lo entendiera. Nunca lo esper\u00e9, porque lo conozco [a Netanyahu] desde hace alg\u00fan tiempo, s\u00e9 c\u00f3mo piensa ideol\u00f3gicamente\u2026\u201d. Lula explic\u00f3 que visit\u00f3 Israel, visit\u00f3 los kibutzim y se reuni\u00f3 con familias de rehenes, y comprende lo dolorosa que es la situaci\u00f3n y que nunca confundir\u00eda al pueblo jud\u00edo con su gobierno. Pero, a\u00f1adi\u00f3, \u201cno es s\u00f3lo un lado el que siente dolor. El mundo entero siente dolor\u201d.<\/p>\n<p>Pero \u00ablo que quiero decir alto y claro es lo siguiente: el Primer Ministro de Israel est\u00e1 cometiendo genocidio contra mujeres y ni\u00f1os. Ese es un hecho hist\u00f3rico. Lo considero un genocidio porque un ej\u00e9rcito bien entrenado est\u00e1 atacando una parte indefensa de \u00abMiren lo que ha sucedido ante los ojos del mundo. El gobierno israel\u00ed efectivamente busca sacar a los palestinos de la Franja de Gaza y exterminar el espacio territorial del pueblo palestino para ocuparlo ellos mismos. No hay otra explicaci\u00f3n. Basta leer el testimonio de el director de M\u00e9dicos Sin Fronteras y ver\u00e1n lo que est\u00e1 pasando\u2026 Tomemos el testimonio de la Cruz Roja, del ni\u00f1o que dice que preferir\u00eda morir antes que ser tratado como lo tratan a ellos\u2026 \u00bfEs esto genocidio o no?\u2026<\/p>\n<p>\u201cEs importante recordar que la Corte Internacional de Justicia ha juzgado a Israel. Resulta que Israel no obedece en absoluto\u2026\u201d Luego afirma rotundamente: \u201cNo permanecer\u00e9 en silencio ante el genocidio\u201d<\/p>\n","protected":false},"excerpt":{"rendered":"<p>28 de febrero de 2024 (EIRNS)\u2014\u00a1En una entrevista muy extensa ayer con\u00a0RedeTV!\u00a0El presidente brasile\u00f1o Lula&hellip;<\/p>\n","protected":false},"author":1,"featured_media":64730,"comment_status":"open","ping_status":"open","sticky":false,"template":"","format":"standard","meta":{"footnotes":""},"categories":[52],"tags":[],"class_list":["post-64729","post","type-post","status-publish","format-standard","has-post-thumbnail","hentry","category-internacionales"],"_links":{"self":[{"href":"https:\/\/eldiarioantillano.com\/uno\/wp-json\/wp\/v2\/posts\/64729","targetHints":{"allow":["GET"]}}],"collection":[{"href":"https:\/\/eldiarioantillano.com\/uno\/wp-json\/wp\/v2\/posts"}],"about":[{"href":"https:\/\/eldiarioantillano.com\/uno\/wp-json\/wp\/v2\/types\/post"}],"author":[{"embeddable":true,"href":"https:\/\/eldiarioantillano.com\/uno\/wp-json\/wp\/v2\/users\/1"}],"replies":[{"embeddable":true,"href":"https:\/\/eldiarioantillano.com\/uno\/wp-json\/wp\/v2\/comments?post=64729"}],"version-history":[{"count":0,"href":"https:\/\/eldiarioantillano.com\/uno\/wp-json\/wp\/v2\/posts\/64729\/revisions"}],"wp:featuredmedia":[{"embeddable":true,"href":"https:\/\/eldiarioantillano.com\/uno\/wp-json\/wp\/v2\/media\/64730"}],"wp:attachment":[{"href":"https:\/\/eldiarioantillano.com\/uno\/wp-json\/wp\/v2\/media?parent=64729"}],"wp:term":[{"taxonomy":"category","embeddable":true,"href":"https:\/\/eldiarioantillano.com\/uno\/wp-json\/wp\/v2\/categories?post=64729"},{"taxonomy":"post_tag","embeddable":true,"href":"https:\/\/eldiarioantillano.com\/uno\/wp-json\/wp\/v2\/tags?post=64729"}],"curies":[{"name":"wp","href":"https:\/\/api.w.org\/{rel}","templated":true}]}}